{"id":10220,"date":"2022-04-27T22:20:20","date_gmt":"2022-04-27T21:20:20","guid":{"rendered":"http:\/\/tvbelas.com\/tvbelas\/?p=10220"},"modified":"2022-04-27T22:20:20","modified_gmt":"2022-04-27T21:20:20","slug":"eleicoes-dados-provisorios-apontam-catorze-milhoes-de-cidadaos-registados","status":"publish","type":"post","link":"https:\/\/tvbelas.com\/tvbelas\/noticias\/politica-angola\/eleicoes-dados-provisorios-apontam-catorze-milhoes-de-cidadaos-registados\/","title":{"rendered":"ELEI\u00c7\u00d5ES: DADOS PROVIS\u00d3RIOS APONTAM CATORZE MILH\u00d5ES DE CIDAD\u00c3OS REGISTADOS"},"content":{"rendered":"<p>A informa\u00e7\u00e3o foi prestada nesta Quarta-feira, em Luanda, pelo ministro da Administra\u00e7\u00e3o do Territ\u00f3rio, Marcy Lopes.<\/p>\n<p>O ministro falava \u00e0 imprensa, \u00e0 margem da 4\u00aa reuni\u00e3o do Conselho de Ministros, que sob orienta\u00e7\u00e3o do Presidente da Rep\u00fablica, Jo\u00e3o Louren\u00e7o, tomou conhecimento dos resultados provis\u00f3rios do Registo Eleitoral.<\/p>\n<p>Marcy Lopes afirmou que \u00a0os dados\u00a0s\u00e3o provis\u00f3rios, porque ainda \u201cest\u00e3o em fase de tratamento da pr\u00f3pria base de dados\u201d.<\/p>\n<p>De acordo com o titular da pasta, este n\u00famero sofrer\u00e1 uma redu\u00e7\u00e3o quando se fizer a depura\u00e7\u00e3o da base com a retirada dos cidad\u00e3os falecidos, que se estima em n\u00famero muito elevado e as pessoas com os seus direitos pol\u00edticos e civis suspensos, por terem sido condenados em pena de pris\u00e3o com decis\u00e3o transitada em julgado.<\/p>\n<p><img decoding=\"async\" src=\"https:\/\/www.angop.ao\/site\/assets\/files\/87814\/marcy_lopes__ministro_do_territorio.537x0-is-pid87916.jpg\" alt=\"\" width=\"537\" \/><\/p>\n<p>\u201cEsses dados \u00a0nos s\u00e3o apresentados por for\u00e7a do trabalho conjunto que estamos a realizar com o Minist\u00e9rio da Justi\u00e7a e Direitos Humanos para o caso dos falecidos e o Conselho Superior da Magistratura Judicial para os casos dos r\u00e9us presos com decis\u00e3o condenat\u00f3ria transitada em julgado\u201d, explicou.<\/p>\n<p>Marcy Lopes fez saber que os dados s\u00e3o provis\u00f3rios e ser\u00e3o apresentados \u00e0 Comiss\u00e3o Nacional Eleitoral (CNE), \u00a0nos pr\u00f3ximos dias, para o in\u00edcio dos trabalhos preparat\u00f3rios de realiza\u00e7\u00e3o do processo eleitoral que dependem do Ficheiro Inform\u00e1tico dos Cidad\u00e3os Maiores.<\/p>\n<p>Relativamente \u00e0 entrega do Ficheiro Inform\u00e1tico dos Cidad\u00e3os disse que o mesmo ser\u00e1 \u00a0entregue definitivamente \u00a0\u00e0 CNE at\u00e9 10 dias ap\u00f3s a convoca\u00e7\u00e3o das elei\u00e7\u00f5es gerais, por parte do Presidente da Rep\u00fablica, tal como disp\u00f5e a Lei Org\u00e2nica sobre as Elei\u00e7\u00f5es Gerais.<\/p>\n<p>Com rela\u00e7\u00e3o ao n\u00famero de cidad\u00e3os que exerceram o direito do registo oficioso no estrangeiro, o ministro indicou que rondam \u00a0em aproximadamente 18 mil cidad\u00e3os registados.<\/p>\n<p>Acrescentou que o processo de Registo Eleitoral foi levado a cabo nas 18 prov\u00edncias do territ\u00f3rio nacional.<\/p>\n<p>No exterior do pa\u00eds foi feito na \u00c1frica do Sul, Alemanha, B\u00e9lgica, Brasil, Fran\u00e7a, Gr\u00e3-Bretanha, Holanda, Nam\u00edbia, Portugal, Rep\u00fablica Democr\u00e1tica do Congo, Rep\u00fablica do Congo e Z\u00e2mbia.<\/p>\n<p>O registo eleitoral oficioso foi conclu\u00eddo a 7 de Abril de 2022, um processo iniciado a 23 de Setembro de 2021 com a abertura dos balc\u00f5es de atendimento ao p\u00fablico em tr\u00eas fases.<\/p>\n<p>O registo eleitoral oficioso devia encerrar no dia 31 de Mar\u00e7o de 2022, em Angola e no estrangeiro, mas por decis\u00e3o do Presidente da Rep\u00fablica, Jo\u00e3o Louren\u00e7o, o per\u00edodo \u00a0foi prorrogado por mais sete dias e conclu\u00eddo, efectivamente, no dia sete de Abril de 2022.<\/p>\n","protected":false},"excerpt":{"rendered":"<p>A informa\u00e7\u00e3o foi prestada nesta Quarta-feira, em Luanda, pelo ministro da Administra\u00e7\u00e3o do Territ\u00f3rio, Marcy Lopes. O ministro falava \u00e0 imprensa, \u00e0 margem da 4\u00aa reuni\u00e3o do Conselho de Ministros, que sob orienta\u00e7\u00e3o do Presidente da Rep\u00fablica, Jo\u00e3o Louren\u00e7o, tomou conhecimento dos resultados provis\u00f3rios do Registo Eleitoral. Marcy Lopes afirmou que \u00a0os dados\u00a0s\u00e3o provis\u00f3rios, porque [&hellip;]<\/p>\n","protected":false},"author":1,"featured_media":10222,"comment_status":"open","ping_status":"open","sticky":false,"template":"","format":"standard","meta":{"footnotes":""},"categories":[12],"tags":[],"class_list":{"0":"post-10220","1":"post","2":"type-post","3":"status-publish","4":"format-standard","5":"has-post-thumbnail","7":"category-politica-angola"},"amp_enabled":true,"_links":{"self":[{"href":"https:\/\/tvbelas.com\/tvbelas\/wp-json\/wp\/v2\/posts\/10220","targetHints":{"allow":["GET"]}}],"collection":[{"href":"https:\/\/tvbelas.com\/tvbelas\/wp-json\/wp\/v2\/posts"}],"about":[{"href":"https:\/\/tvbelas.com\/tvbelas\/wp-json\/wp\/v2\/types\/post"}],"author":[{"embeddable":true,"href":"https:\/\/tvbelas.com\/tvbelas\/wp-json\/wp\/v2\/users\/1"}],"replies":[{"embeddable":true,"href":"https:\/\/tvbelas.com\/tvbelas\/wp-json\/wp\/v2\/comments?post=10220"}],"version-history":[{"count":0,"href":"https:\/\/tvbelas.com\/tvbelas\/wp-json\/wp\/v2\/posts\/10220\/revisions"}],"wp:featuredmedia":[{"embeddable":true,"href":"https:\/\/tvbelas.com\/tvbelas\/wp-json\/"}],"wp:attachment":[{"href":"https:\/\/tvbelas.com\/tvbelas\/wp-json\/wp\/v2\/media?parent=10220"}],"wp:term":[{"taxonomy":"category","embeddable":true,"href":"https:\/\/tvbelas.com\/tvbelas\/wp-json\/wp\/v2\/categories?post=10220"},{"taxonomy":"post_tag","embeddable":true,"href":"https:\/\/tvbelas.com\/tvbelas\/wp-json\/wp\/v2\/tags?post=10220"}],"curies":[{"name":"wp","href":"https:\/\/api.w.org\/{rel}","templated":true}]}}