{"id":10224,"date":"2022-04-27T22:28:52","date_gmt":"2022-04-27T21:28:52","guid":{"rendered":"http:\/\/tvbelas.com\/tvbelas\/?p=10224"},"modified":"2022-04-27T22:28:52","modified_gmt":"2022-04-27T21:28:52","slug":"servico-de-moto-taxi-com-dias-contados-para-sua-legalizacao","status":"publish","type":"post","link":"https:\/\/tvbelas.com\/tvbelas\/noticias\/politica-angola\/servico-de-moto-taxi-com-dias-contados-para-sua-legalizacao\/","title":{"rendered":"SERVI\u00c7O  DE MOTO-T\u00c1XI COM DIAS CONTADOS PARA SUA LEGALIZA\u00c7\u00c3O"},"content":{"rendered":"<p>A informa\u00e7\u00e3o foi avan\u00e7ada nesta ter\u00e7a-feira, em Luanda, pelo ministro dos Transportes, Ricardo Abreu, no final da 4\u2070 reuni\u00e3o do Conselho de Ministros, orientada pelo Presidente da Rep\u00fablica, Jo\u00e3o Louren\u00e7o.<\/p>\n<p>Actualmente, segundo confirmou Ricardo de Abreu, circulam no pa\u00eds 400 mil motorizadas exercendo ilegalmente o servi\u00e7o de moto-t\u00e1xi, que facilitam tamb\u00e9m a mobilidade dos cidad\u00e3os.<\/p>\n<p>Em declara\u00e7\u00f5es \u00e0 imprensa, o titular da pasta dos Transportes disse que, com essa medida, pretende-se reduzir o n\u00edvel de sinistralidade, desordenamento e informalidade desta actividade.<\/p>\n<p>Para efeito de legaliza\u00e7\u00e3o destes profissionais, o ministro disse que caber\u00e1 as administra\u00e7\u00f5es locais fazer o processo de licenciamento, ordenamento e fiscaliza\u00e7\u00e3o nos referidos munic\u00edpios e comunas.<\/p>\n<p>\u201cO servi\u00e7o de moto-t\u00e1xi \u00e9 exercido a n\u00edvel de todo pa\u00eds e precis\u00e1vamos criar um sistema de organiza\u00e7\u00e3o, ordenamento e tamb\u00e9m protec\u00e7\u00e3o dos operadores, e dos pr\u00f3prios utentes\u201d, defendeu o ministro.<\/p>\n<p>Com a sua legaliza\u00e7\u00e3o, de acordo com o governante,<\/p>\n<p>est\u00e1 garantido tamb\u00e9m a protec\u00e7\u00e3o social dos operadores e profissionais destes servi\u00e7os.<\/p>\n<p>Revis\u00e3o da Lei de trabalho<\/p>\n<p>Neste particular, a ministra da Administra\u00e7\u00e3o P\u00fablica, Trabalho e Seguran\u00e7a Social (MAPTSS), Teresa Dias, explicou que o trabalho levado a cabo conjuntamente com as entidades sindicais e empregadores resultou na melhoria da Lei Geral do Trabalho.<\/p>\n<p>Doravante, de acordo com a ministra, os contratos de trabalho passar\u00e3o a obedecer aos crit\u00e9rios estabelecidos por Lei.<\/p>\n<p>O Conselho de Ministros, na sess\u00e3o desta quarta-feira, apreciou, para envio \u00e0 Assembleia Nacional, uma proposta da Lei Geral do Trabalho, na qual se redefine o conte\u00fado das disposi\u00e7\u00f5es referentes \u00e0 constitui\u00e7\u00e3o, modifica\u00e7\u00e3o e extin\u00e7\u00e3o das rela\u00e7\u00f5es jur\u00eddico-laborais.<\/p>\n<p>A proposta visa conferir maior equil\u00edbrio entre os sujeitos do contrato de trabalho, e melhor adequ\u00e1-las \u00e0 Constitui\u00e7\u00e3o da Rep\u00fablica de Angola, \u00e0s conven\u00e7\u00f5es internacionais ratificadas pelo Estado e \u00e0 realidade socioecon\u00f3mica do pa\u00eds<\/p>\n","protected":false},"excerpt":{"rendered":"<p>A informa\u00e7\u00e3o foi avan\u00e7ada nesta ter\u00e7a-feira, em Luanda, pelo ministro dos Transportes, Ricardo Abreu, no final da 4\u2070 reuni\u00e3o do Conselho de Ministros, orientada pelo Presidente da Rep\u00fablica, Jo\u00e3o Louren\u00e7o. Actualmente, segundo confirmou Ricardo de Abreu, circulam no pa\u00eds 400 mil motorizadas exercendo ilegalmente o servi\u00e7o de moto-t\u00e1xi, que facilitam tamb\u00e9m a mobilidade dos cidad\u00e3os. [&hellip;]<\/p>\n","protected":false},"author":1,"featured_media":10226,"comment_status":"open","ping_status":"open","sticky":false,"template":"","format":"standard","meta":{"footnotes":""},"categories":[12],"tags":[],"class_list":{"0":"post-10224","1":"post","2":"type-post","3":"status-publish","4":"format-standard","5":"has-post-thumbnail","7":"category-politica-angola"},"amp_enabled":true,"_links":{"self":[{"href":"https:\/\/tvbelas.com\/tvbelas\/wp-json\/wp\/v2\/posts\/10224","targetHints":{"allow":["GET"]}}],"collection":[{"href":"https:\/\/tvbelas.com\/tvbelas\/wp-json\/wp\/v2\/posts"}],"about":[{"href":"https:\/\/tvbelas.com\/tvbelas\/wp-json\/wp\/v2\/types\/post"}],"author":[{"embeddable":true,"href":"https:\/\/tvbelas.com\/tvbelas\/wp-json\/wp\/v2\/users\/1"}],"replies":[{"embeddable":true,"href":"https:\/\/tvbelas.com\/tvbelas\/wp-json\/wp\/v2\/comments?post=10224"}],"version-history":[{"count":0,"href":"https:\/\/tvbelas.com\/tvbelas\/wp-json\/wp\/v2\/posts\/10224\/revisions"}],"wp:featuredmedia":[{"embeddable":true,"href":"https:\/\/tvbelas.com\/tvbelas\/wp-json\/"}],"wp:attachment":[{"href":"https:\/\/tvbelas.com\/tvbelas\/wp-json\/wp\/v2\/media?parent=10224"}],"wp:term":[{"taxonomy":"category","embeddable":true,"href":"https:\/\/tvbelas.com\/tvbelas\/wp-json\/wp\/v2\/categories?post=10224"},{"taxonomy":"post_tag","embeddable":true,"href":"https:\/\/tvbelas.com\/tvbelas\/wp-json\/wp\/v2\/tags?post=10224"}],"curies":[{"name":"wp","href":"https:\/\/api.w.org\/{rel}","templated":true}]}}