{"id":10313,"date":"2022-05-03T14:10:28","date_gmt":"2022-05-03T13:10:28","guid":{"rendered":"http:\/\/tvbelas.com\/tvbelas\/?p=10313"},"modified":"2022-05-03T14:10:28","modified_gmt":"2022-05-03T13:10:28","slug":"ana-paula-do-sacramento-enaltece-a-segunda-posicao-conquistada-pela-seleccao-mma","status":"publish","type":"post","link":"https:\/\/tvbelas.com\/tvbelas\/noticias\/desporto\/ana-paula-do-sacramento-enaltece-a-segunda-posicao-conquistada-pela-seleccao-mma\/","title":{"rendered":"ANA PAULA DO SACRAMENTO ENALTECE A SEGUNDA POSI\u00c7\u00c3O, CONQUISTADA PELA SELEC\u00c7\u00c3O (MMA)"},"content":{"rendered":"<p>Ana Paula do Sacramento Neto ministra da juventude e desportos enaltece a segunda posi\u00e7\u00e3o, conquistada pela Selec\u00e7\u00e3o Nacional no Campeonato Africano de Artes Marciais Mistas (MMA), terminado recentemente na \u00c1frica do Sul.<\/p>\n<p>Na terra de Mandela o combinado nacional esteve presente com 14 atletas, em ambos os sexos, tendo conquistado de 12 medalhas, das quais quatro de ouro, duas de prata e seis de bronze, em distintas categorias.<\/p>\n<p>Al\u00e9m do nosso pa\u00eds, participaram no evento continental a anfitri\u00e3 \u00c1frica do Sul, Rep\u00fablica Democr\u00e1tica do Congo, Maurit\u00e2nia, Z\u00e2mbia, Nig\u00e9ria, Nam\u00edbia e Zimbabwe.<\/p>\n","protected":false},"excerpt":{"rendered":"<p>Ana Paula do Sacramento Neto ministra da juventude e desportos enaltece a segunda posi\u00e7\u00e3o, conquistada pela Selec\u00e7\u00e3o Nacional no Campeonato Africano de Artes Marciais Mistas (MMA), terminado recentemente na \u00c1frica do Sul. Na terra de Mandela o combinado nacional esteve presente com 14 atletas, em ambos os sexos, tendo conquistado de 12 medalhas, das quais [&hellip;]<\/p>\n","protected":false},"author":1,"featured_media":10321,"comment_status":"open","ping_status":"open","sticky":false,"template":"","format":"gallery","meta":{"footnotes":""},"categories":[19],"tags":[],"class_list":{"0":"post-10313","1":"post","2":"type-post","3":"status-publish","4":"format-gallery","5":"has-post-thumbnail","7":"category-desporto","8":"post_format-post-format-gallery"},"amp_enabled":true,"_links":{"self":[{"href":"https:\/\/tvbelas.com\/tvbelas\/wp-json\/wp\/v2\/posts\/10313","targetHints":{"allow":["GET"]}}],"collection":[{"href":"https:\/\/tvbelas.com\/tvbelas\/wp-json\/wp\/v2\/posts"}],"about":[{"href":"https:\/\/tvbelas.com\/tvbelas\/wp-json\/wp\/v2\/types\/post"}],"author":[{"embeddable":true,"href":"https:\/\/tvbelas.com\/tvbelas\/wp-json\/wp\/v2\/users\/1"}],"replies":[{"embeddable":true,"href":"https:\/\/tvbelas.com\/tvbelas\/wp-json\/wp\/v2\/comments?post=10313"}],"version-history":[{"count":0,"href":"https:\/\/tvbelas.com\/tvbelas\/wp-json\/wp\/v2\/posts\/10313\/revisions"}],"wp:featuredmedia":[{"embeddable":true,"href":"https:\/\/tvbelas.com\/tvbelas\/wp-json\/"}],"wp:attachment":[{"href":"https:\/\/tvbelas.com\/tvbelas\/wp-json\/wp\/v2\/media?parent=10313"}],"wp:term":[{"taxonomy":"category","embeddable":true,"href":"https:\/\/tvbelas.com\/tvbelas\/wp-json\/wp\/v2\/categories?post=10313"},{"taxonomy":"post_tag","embeddable":true,"href":"https:\/\/tvbelas.com\/tvbelas\/wp-json\/wp\/v2\/tags?post=10313"}],"curies":[{"name":"wp","href":"https:\/\/api.w.org\/{rel}","templated":true}]}}