{"id":10330,"date":"2022-05-03T14:19:03","date_gmt":"2022-05-03T13:19:03","guid":{"rendered":"http:\/\/tvbelas.com\/tvbelas\/?p=10330"},"modified":"2022-05-03T14:19:03","modified_gmt":"2022-05-03T13:19:03","slug":"laurindo-missengo-comecou-com-vitoria-provincial-de-xadrez","status":"publish","type":"post","link":"https:\/\/tvbelas.com\/tvbelas\/noticias\/desporto\/laurindo-missengo-comecou-com-vitoria-provincial-de-xadrez\/","title":{"rendered":"LAURINDO MISSENGO COME\u00c7OU COM VIT\u00d3RIA PROVINCIAL DE XADREZ"},"content":{"rendered":"<p>Laurindo Missengo come\u00e7ou com vit\u00f3ria a defesa do t\u00edtulo na provincia do Moxico, ao bater na primeira jornada, Emanuel Deleito detentor do t\u00edtulo\u00a0em junior com 31 lances, no embate mais aguardado da\u00a0prova disputada no sistema su\u00ed\u00e7o, e que reserva ainda mais sete jornadas.<\/p>\n<p>O xadrezista vai representar a sua provincia no nacional absoluto que vai acontecer no m\u00eas de Maio na provincial de benguela.<\/p>\n<p>O jogo mais equilibrado da jornada durou cerca de tr\u00eas horas, com mais de 70 lances realizados, com vit\u00f3ria de Anast\u00e1cio da Silva jogador da modalidade mais antigo na prov\u00edncia.<\/p>\n","protected":false},"excerpt":{"rendered":"<p>Laurindo Missengo come\u00e7ou com vit\u00f3ria a defesa do t\u00edtulo na provincia do Moxico, ao bater na primeira jornada, Emanuel Deleito detentor do t\u00edtulo\u00a0em junior com 31 lances, no embate mais aguardado da\u00a0prova disputada no sistema su\u00ed\u00e7o, e que reserva ainda mais sete jornadas. O xadrezista vai representar a sua provincia no nacional absoluto que vai [&hellip;]<\/p>\n","protected":false},"author":1,"featured_media":10332,"comment_status":"open","ping_status":"open","sticky":false,"template":"","format":"standard","meta":{"footnotes":""},"categories":[19],"tags":[],"class_list":{"0":"post-10330","1":"post","2":"type-post","3":"status-publish","4":"format-standard","5":"has-post-thumbnail","7":"category-desporto"},"amp_enabled":true,"_links":{"self":[{"href":"https:\/\/tvbelas.com\/tvbelas\/wp-json\/wp\/v2\/posts\/10330","targetHints":{"allow":["GET"]}}],"collection":[{"href":"https:\/\/tvbelas.com\/tvbelas\/wp-json\/wp\/v2\/posts"}],"about":[{"href":"https:\/\/tvbelas.com\/tvbelas\/wp-json\/wp\/v2\/types\/post"}],"author":[{"embeddable":true,"href":"https:\/\/tvbelas.com\/tvbelas\/wp-json\/wp\/v2\/users\/1"}],"replies":[{"embeddable":true,"href":"https:\/\/tvbelas.com\/tvbelas\/wp-json\/wp\/v2\/comments?post=10330"}],"version-history":[{"count":0,"href":"https:\/\/tvbelas.com\/tvbelas\/wp-json\/wp\/v2\/posts\/10330\/revisions"}],"wp:featuredmedia":[{"embeddable":true,"href":"https:\/\/tvbelas.com\/tvbelas\/wp-json\/"}],"wp:attachment":[{"href":"https:\/\/tvbelas.com\/tvbelas\/wp-json\/wp\/v2\/media?parent=10330"}],"wp:term":[{"taxonomy":"category","embeddable":true,"href":"https:\/\/tvbelas.com\/tvbelas\/wp-json\/wp\/v2\/categories?post=10330"},{"taxonomy":"post_tag","embeddable":true,"href":"https:\/\/tvbelas.com\/tvbelas\/wp-json\/wp\/v2\/tags?post=10330"}],"curies":[{"name":"wp","href":"https:\/\/api.w.org\/{rel}","templated":true}]}}