{"id":10951,"date":"2022-05-17T11:14:49","date_gmt":"2022-05-17T10:14:49","guid":{"rendered":"http:\/\/tvbelas.com\/tvbelas\/?p=10951"},"modified":"2022-05-17T11:14:49","modified_gmt":"2022-05-17T10:14:49","slug":"minjud-abre-os-coldoes-da-bolsa-e-desembolsa-mais-de-tres-milhoes-de-dolares-para-can-2023-na-cote-divoire","status":"publish","type":"post","link":"https:\/\/tvbelas.com\/tvbelas\/noticias\/desporto\/minjud-abre-os-coldoes-da-bolsa-e-desembolsa-mais-de-tres-milhoes-de-dolares-para-can-2023-na-cote-divoire\/","title":{"rendered":"MINJUD ABRE OS COLD\u00d5ES DA BOLSA E DESEMBOLSA MAIS DE TR\u00caS MILH\u00d5ES DE D\u00d3LARES PARA CAN 2023 NA C\u00d4TE D&#8217;IVOIRE."},"content":{"rendered":"<p>J\u00e1 a portas o primeiro compromisso da selec\u00e7\u00e3o nacional rumo ao africano das na\u00e7\u00f5es de \u00c1frica na Costa do marfim, onde a FAF e o MINJUD firmaram um contrato programa que vai servir para minimizar, o choramingar do \u00f3rg\u00e3o que tutela o futebol nacional, quando o assunto for falta de verbas.<\/p>\n<p>O valor avan\u00e7ado ser\u00e1 disponibilizado pelo minist\u00e9rio das finan\u00e7as, numa primeira fase na ordem dos 25, ou 35 porcento.<\/p>\n<p>De acordo ainda com Artur Almeida este montante ser\u00e1 suficiente para empreitada dos Palancas Negras, e sem haver necessidade de recorrer a patroc\u00ednios.<\/p>\n<p>A selec\u00e7\u00e3o nacional figura no grupo E, e no dia 1 de Junho as 17h diante da Rep\u00fablica Centro Africana, no est\u00e1dio 11 de Novembro.<\/p>\n<p>No dia 5 do mesmo m\u00eas angola viaja at\u00e9 Antananarivo, para medir for\u00e7as com o Madag\u00e1scar.<br \/>\nO Ghana \u00e9 o outro integrante do grupo de apuramento ao CAN 2023.<\/p>\n","protected":false},"excerpt":{"rendered":"<p>J\u00e1 a portas o primeiro compromisso da selec\u00e7\u00e3o nacional rumo ao africano das na\u00e7\u00f5es de \u00c1frica na Costa do marfim, onde a FAF e o MINJUD firmaram um contrato programa que vai servir para minimizar, o choramingar do \u00f3rg\u00e3o que tutela o futebol nacional, quando o assunto for falta de verbas. O valor avan\u00e7ado ser\u00e1 [&hellip;]<\/p>\n","protected":false},"author":1,"featured_media":10953,"comment_status":"open","ping_status":"open","sticky":false,"template":"","format":"standard","meta":{"footnotes":""},"categories":[19],"tags":[],"class_list":{"0":"post-10951","1":"post","2":"type-post","3":"status-publish","4":"format-standard","5":"has-post-thumbnail","7":"category-desporto"},"amp_enabled":true,"_links":{"self":[{"href":"https:\/\/tvbelas.com\/tvbelas\/wp-json\/wp\/v2\/posts\/10951","targetHints":{"allow":["GET"]}}],"collection":[{"href":"https:\/\/tvbelas.com\/tvbelas\/wp-json\/wp\/v2\/posts"}],"about":[{"href":"https:\/\/tvbelas.com\/tvbelas\/wp-json\/wp\/v2\/types\/post"}],"author":[{"embeddable":true,"href":"https:\/\/tvbelas.com\/tvbelas\/wp-json\/wp\/v2\/users\/1"}],"replies":[{"embeddable":true,"href":"https:\/\/tvbelas.com\/tvbelas\/wp-json\/wp\/v2\/comments?post=10951"}],"version-history":[{"count":0,"href":"https:\/\/tvbelas.com\/tvbelas\/wp-json\/wp\/v2\/posts\/10951\/revisions"}],"wp:featuredmedia":[{"embeddable":true,"href":"https:\/\/tvbelas.com\/tvbelas\/wp-json\/"}],"wp:attachment":[{"href":"https:\/\/tvbelas.com\/tvbelas\/wp-json\/wp\/v2\/media?parent=10951"}],"wp:term":[{"taxonomy":"category","embeddable":true,"href":"https:\/\/tvbelas.com\/tvbelas\/wp-json\/wp\/v2\/categories?post=10951"},{"taxonomy":"post_tag","embeddable":true,"href":"https:\/\/tvbelas.com\/tvbelas\/wp-json\/wp\/v2\/tags?post=10951"}],"curies":[{"name":"wp","href":"https:\/\/api.w.org\/{rel}","templated":true}]}}