{"id":10955,"date":"2022-05-17T12:35:00","date_gmt":"2022-05-17T11:35:00","guid":{"rendered":"http:\/\/tvbelas.com\/tvbelas\/?p=10955"},"modified":"2022-05-17T12:35:00","modified_gmt":"2022-05-17T11:35:00","slug":"convocatoria-dos-palancas-negras","status":"publish","type":"post","link":"https:\/\/tvbelas.com\/tvbelas\/noticias\/desporto\/convocatoria-dos-palancas-negras\/","title":{"rendered":"CONVOCAT\u00d3RIA DOS PALANCAS NEGRAS"},"content":{"rendered":"<p class=\"p1\"><span class=\"s1\">CONVOCAT\u00d3RIA DOS PALANCAS NEGRAS:<\/span><\/p>\n<p class=\"p1\"><span class=\"s1\">GUARDA-REDES:<\/span><\/p>\n<p class=\"p1\"><span class=\"s1\">Pedro Baptista (Casa Pia Portugal)<\/span><\/p>\n<p class=\"p1\"><span class=\"s1\">Hugo Marques (Cape Town City\/\u00c1frica do Sul)<\/span><\/p>\n<p class=\"p1\"><span class=\"s1\">Kad\u00fa Monteiro (UD Oliveirense Portugal)<\/span><\/p>\n<p class=\"p1\"><span class=\"s1\">DEFESAS: <\/span><\/p>\n<p class=\"p1\"><span class=\"s1\">Danilson (Interclube)<\/span><\/p>\n<p class=\"p1\"><span class=\"s1\">Gigli Ndefe (FC Club Banik Ostrava\/Rep\u00fablica Checa)<\/span><\/p>\n<p class=\"p1\"><span class=\"s1\">Eddie Afonso (Petro de Luanda)<\/span><\/p>\n<p class=\"p1\"><span class=\"s1\">Buatu (Ey\u00fcpspor Turquia)<\/span><\/p>\n<p class=\"p1\"><span class=\"s1\">Kinito (Petro de Luanda)<\/span><\/p>\n<p class=\"p1\"><span class=\"s1\">Gaspar Kialunda (Sagrada Esperan\u00e7a)<\/span><\/p>\n<p class=\"p1\"><span class=\"s1\">T\u00f3 Carneiro (Petro de Luanda)<\/span><\/p>\n<p class=\"p1\"><span class=\"s1\">Vitoriano (Sagrada Esperan\u00e7a)<\/span><\/p>\n<p class=\"p1\"><span class=\"s1\">N\u00fario Fortuna (KAA Gent)<\/span><\/p>\n<p class=\"p1\"><span class=\"s1\">M\u00c9DIOS: <\/span><\/p>\n<p class=\"p1\"><span class=\"s1\">Megue (Petro de Luanda)<\/span><\/p>\n<p class=\"p1\"><span class=\"s1\">Jo\u00e3o Batxi (GD Chaves Portugal)<\/span><\/p>\n<p class=\"p1\"><span class=\"s1\">M\u00e1rio Balb\u00fardia (1\u00b0 de Agosto)<\/span><\/p>\n<p class=\"p1\"><span class=\"s1\">Zito Luvumbo (Cagliari It\u00e1lia)<\/span><\/p>\n<p class=\"p1\"><span class=\"s1\">Fredy (Antalyaspor Turquia)<\/span><\/p>\n<p class=\"p1\"><span class=\"s1\">Higino (Interclube)<\/span><\/p>\n<p class=\"p1\"><span class=\"s1\">Beny (CD Trofense Portugual)<\/span><\/p>\n<p class=\"p1\"><span class=\"s1\">Show (Ludogorets\/Bulg\u00e1ria)<\/span><\/p>\n<p class=\"p1\"><span class=\"s1\">Estrela (Erzurumspor\/Turquia)<\/span><\/p>\n<p class=\"p1\"><span class=\"s1\">AVAN\u00c7ADOS: <\/span><\/p>\n<p class=\"p1\"><span class=\"s1\">Capita (CD Trofense\/Portugal)<\/span><\/p>\n<p class=\"p1\"><span class=\"s1\">Zine Salvador (1\u00b0 de Agosto)<\/span><\/p>\n<p class=\"p1\"><span class=\"s1\">Gelson Dala (Al-Wakrah SC\/Qatar)<\/span><\/p>\n<p class=\"p1\"><span class=\"s1\">Nelson da Luz (Vit\u00f3ria SC\/Portugal)<\/span><\/p>\n<p class=\"p1\"><span class=\"s1\">Julinho (Interclube)<\/span><\/p>\n<p class=\"p1\"><span class=\"s1\">Yano (Petro de Luanda)<\/span><\/p>\n<p class=\"p1\"><span class=\"s1\">Helder Costa (Val\u00eancia\/Espanha)<\/span><\/p>\n<p class=\"p1\"><span class=\"s1\">Ary Papel (Al-Akhdar SC\/L\u00edbia)<\/span><\/p>\n","protected":false},"excerpt":{"rendered":"<p>CONVOCAT\u00d3RIA DOS PALANCAS NEGRAS: GUARDA-REDES: Pedro Baptista (Casa Pia Portugal) Hugo Marques (Cape Town City\/\u00c1frica do Sul) Kad\u00fa Monteiro (UD Oliveirense Portugal) DEFESAS: Danilson (Interclube) Gigli Ndefe (FC Club Banik Ostrava\/Rep\u00fablica Checa) Eddie Afonso (Petro de Luanda) Buatu (Ey\u00fcpspor Turquia) Kinito (Petro de Luanda) Gaspar Kialunda (Sagrada Esperan\u00e7a) T\u00f3 Carneiro (Petro de Luanda) Vitoriano (Sagrada [&hellip;]<\/p>\n","protected":false},"author":1,"featured_media":10957,"comment_status":"open","ping_status":"open","sticky":false,"template":"","format":"standard","meta":{"footnotes":""},"categories":[19],"tags":[],"class_list":{"0":"post-10955","1":"post","2":"type-post","3":"status-publish","4":"format-standard","5":"has-post-thumbnail","7":"category-desporto"},"amp_enabled":true,"_links":{"self":[{"href":"https:\/\/tvbelas.com\/tvbelas\/wp-json\/wp\/v2\/posts\/10955","targetHints":{"allow":["GET"]}}],"collection":[{"href":"https:\/\/tvbelas.com\/tvbelas\/wp-json\/wp\/v2\/posts"}],"about":[{"href":"https:\/\/tvbelas.com\/tvbelas\/wp-json\/wp\/v2\/types\/post"}],"author":[{"embeddable":true,"href":"https:\/\/tvbelas.com\/tvbelas\/wp-json\/wp\/v2\/users\/1"}],"replies":[{"embeddable":true,"href":"https:\/\/tvbelas.com\/tvbelas\/wp-json\/wp\/v2\/comments?post=10955"}],"version-history":[{"count":0,"href":"https:\/\/tvbelas.com\/tvbelas\/wp-json\/wp\/v2\/posts\/10955\/revisions"}],"wp:featuredmedia":[{"embeddable":true,"href":"https:\/\/tvbelas.com\/tvbelas\/wp-json\/"}],"wp:attachment":[{"href":"https:\/\/tvbelas.com\/tvbelas\/wp-json\/wp\/v2\/media?parent=10955"}],"wp:term":[{"taxonomy":"category","embeddable":true,"href":"https:\/\/tvbelas.com\/tvbelas\/wp-json\/wp\/v2\/categories?post=10955"},{"taxonomy":"post_tag","embeddable":true,"href":"https:\/\/tvbelas.com\/tvbelas\/wp-json\/wp\/v2\/tags?post=10955"}],"curies":[{"name":"wp","href":"https:\/\/api.w.org\/{rel}","templated":true}]}}