{"id":11041,"date":"2022-05-20T11:39:46","date_gmt":"2022-05-20T10:39:46","guid":{"rendered":"http:\/\/tvbelas.com\/tvbelas\/?p=11041"},"modified":"2022-05-20T11:39:46","modified_gmt":"2022-05-20T10:39:46","slug":"policia-detem-cidadao-implicado-em-mordedura-contra-irmao-de-2-meses","status":"publish","type":"post","link":"https:\/\/tvbelas.com\/tvbelas\/noticias\/sociedade\/policia-detem-cidadao-implicado-em-mordedura-contra-irmao-de-2-meses\/","title":{"rendered":"POL\u00cdCIA DET\u00c9M CIDAD\u00c3O IMPLICADO EM MORDEDURA CONTRA IRM\u00c3O DE 2 MESES"},"content":{"rendered":"<div class=\"cxmmr5t8 oygrvhab hcukyx3x c1et5uql o9v6fnle ii04i59q\">\n<div dir=\"auto\">\u00a0Efectivos da 13\u00aa Esquadra policial no munic\u00edpio da Matala detiveram, recentemente, um cidad\u00e3o de 17 anos, implicado em, ofensas graves \u00e0 integridade f\u00edsica, por mordedura contra seu irm\u00e3o de dois meses de vida.<\/div>\n<\/div>\n<div class=\"cxmmr5t8 oygrvhab hcukyx3x c1et5uql o9v6fnle ii04i59q\">\n<div dir=\"auto\">Em declara\u00e7\u00f5es \u00e0 imprensa, o porta-voz da corpora\u00e7\u00e3o, inspector-chefe, Fernando Tongo, o facto ocorreu ap\u00f3s desaven\u00e7a que o implicado teve com a sua m\u00e3e, e este enfurecido dirigiu-se ao quarto onde o menor se encontrava a dormir por mordedura arrancou o nariz, boca e os \u00f3rg\u00e3os genitais e comeu.<\/div>\n<\/div>\n<div class=\"cxmmr5t8 oygrvhab hcukyx3x c1et5uql o9v6fnle ii04i59q\">\n<div dir=\"auto\">O menor foi socorrido para posto m\u00e9dico Municipal e de seguida evacuado para o hospital central onde se encontra a receber tratamento.<\/div>\n<\/div>\n<div class=\"cxmmr5t8 oygrvhab hcukyx3x c1et5uql o9v6fnle ii04i59q\">\n<div dir=\"auto\">Refira-se que, o cidad\u00e3o foi presente ao Minist\u00e9rio P\u00fablico para tr\u00e2mites legais que se imp\u00f5e.<\/div>\n<\/div>\n","protected":false},"excerpt":{"rendered":"<p>\u00a0Efectivos da 13\u00aa Esquadra policial no munic\u00edpio da Matala detiveram, recentemente, um cidad\u00e3o de 17 anos, implicado em, ofensas graves \u00e0 integridade f\u00edsica, por mordedura contra seu irm\u00e3o de dois meses de vida. Em declara\u00e7\u00f5es \u00e0 imprensa, o porta-voz da corpora\u00e7\u00e3o, inspector-chefe, Fernando Tongo, o facto ocorreu ap\u00f3s desaven\u00e7a que o implicado teve com a [&hellip;]<\/p>\n","protected":false},"author":1,"featured_media":11044,"comment_status":"open","ping_status":"open","sticky":false,"template":"","format":"standard","meta":{"footnotes":""},"categories":[15],"tags":[],"class_list":{"0":"post-11041","1":"post","2":"type-post","3":"status-publish","4":"format-standard","5":"has-post-thumbnail","7":"category-sociedade"},"amp_enabled":true,"_links":{"self":[{"href":"https:\/\/tvbelas.com\/tvbelas\/wp-json\/wp\/v2\/posts\/11041","targetHints":{"allow":["GET"]}}],"collection":[{"href":"https:\/\/tvbelas.com\/tvbelas\/wp-json\/wp\/v2\/posts"}],"about":[{"href":"https:\/\/tvbelas.com\/tvbelas\/wp-json\/wp\/v2\/types\/post"}],"author":[{"embeddable":true,"href":"https:\/\/tvbelas.com\/tvbelas\/wp-json\/wp\/v2\/users\/1"}],"replies":[{"embeddable":true,"href":"https:\/\/tvbelas.com\/tvbelas\/wp-json\/wp\/v2\/comments?post=11041"}],"version-history":[{"count":0,"href":"https:\/\/tvbelas.com\/tvbelas\/wp-json\/wp\/v2\/posts\/11041\/revisions"}],"wp:featuredmedia":[{"embeddable":true,"href":"https:\/\/tvbelas.com\/tvbelas\/wp-json\/"}],"wp:attachment":[{"href":"https:\/\/tvbelas.com\/tvbelas\/wp-json\/wp\/v2\/media?parent=11041"}],"wp:term":[{"taxonomy":"category","embeddable":true,"href":"https:\/\/tvbelas.com\/tvbelas\/wp-json\/wp\/v2\/categories?post=11041"},{"taxonomy":"post_tag","embeddable":true,"href":"https:\/\/tvbelas.com\/tvbelas\/wp-json\/wp\/v2\/tags?post=11041"}],"curies":[{"name":"wp","href":"https:\/\/api.w.org\/{rel}","templated":true}]}}