{"id":11072,"date":"2022-05-22T10:17:43","date_gmt":"2022-05-22T09:17:43","guid":{"rendered":"http:\/\/tvbelas.com\/tvbelas\/?p=11072"},"modified":"2022-05-22T10:17:43","modified_gmt":"2022-05-22T09:17:43","slug":"adalberto-costa-promete-duplicar-o-oge-para-os-sectores-de-educacao-e-saude","status":"publish","type":"post","link":"https:\/\/tvbelas.com\/tvbelas\/noticias\/politica-angola\/adalberto-costa-promete-duplicar-o-oge-para-os-sectores-de-educacao-e-saude\/","title":{"rendered":"ADALBERTO COSTA PROMETE DUPLICAR O OGE PARA OS SECTORES DE EDUCA\u00c7\u00c3O E SA\u00daDE."},"content":{"rendered":"<div class=\"kvgmc6g5 cxmmr5t8 oygrvhab hcukyx3x c1et5uql ii04i59q\">\n<div dir=\"auto\">No seu discurso proferido neste s\u00e1bado Adalberto Costa Ju\u0301nior exprimiu\u00a0 com determina\u00e7\u00e3o, a sua\u00a0 vis\u00e3o de Estado caso seja presidente de Angola em Agosto.<\/div>\n<\/div>\n<div class=\"cxmmr5t8 oygrvhab hcukyx3x c1et5uql o9v6fnle ii04i59q\">\n<div dir=\"auto\">-Prometeu duplicar o OGE para os Sectores de Educa\u00e7\u00e3o e Sa\u00fade, agricultura e investiga\u00e7\u00e3o cient\u00edfica.<\/div>\n<\/div>\n<div class=\"cxmmr5t8 oygrvhab hcukyx3x c1et5uql o9v6fnle ii04i59q\">\n<div dir=\"auto\">-Falou de uma verdadeira economia de mercado que proporcionar\u00e1 a concorr\u00eancia e riqueza;<\/div>\n<\/div>\n<div class=\"cxmmr5t8 oygrvhab hcukyx3x c1et5uql o9v6fnle ii04i59q\">\n<div dir=\"auto\">-Falou da institucionaliza\u00e7\u00e3o urgente das Autarquias locais;<\/div>\n<\/div>\n<div class=\"cxmmr5t8 oygrvhab hcukyx3x c1et5uql o9v6fnle ii04i59q\">\n<div dir=\"auto\">-Apontou a revis\u00e3o da Constitui\u00e7\u00e3o como uma das prioridades para tornar Angola num verdadeiro Estado de Direito e Democr\u00e1tico baseado no princ\u00edpio de separa\u00e7\u00e3o de poderes;<\/div>\n<\/div>\n<div class=\"cxmmr5t8 oygrvhab hcukyx3x c1et5uql o9v6fnle ii04i59q\">\n<div dir=\"auto\">-Um governo inclusivo e participativo que levar\u00e1 Angola aos cariz do desenvolvimento sustent\u00e1vel o mais r\u00e1pido poss\u00edvel;<\/div>\n<\/div>\n<div class=\"cxmmr5t8 oygrvhab hcukyx3x c1et5uql o9v6fnle ii04i59q\">\n<div dir=\"auto\">-Autonomia para Cabinda e Lundas\/Leste, como factor decisivo para se p\u00f4r fim aos conflitos nessas regi\u00f5es;<\/div>\n<\/div>\n<div class=\"cxmmr5t8 oygrvhab hcukyx3x c1et5uql o9v6fnle ii04i59q\">\n<div dir=\"auto\">-A Promo\u00e7\u00e3o do m\u00e9rito para se acabar com os nepotismos, facilidades, amiguismos e o familiarismo na Administra\u00e7\u00e3o P\u00fablica;<\/div>\n<\/div>\n<div class=\"cxmmr5t8 oygrvhab hcukyx3x c1et5uql o9v6fnle ii04i59q\">\n<div dir=\"auto\">Disse ainda que devemos fazer da Paz, e da altern\u00e2ncia em uma verdadeira festa da democracia sem viol\u00eancia;<\/div>\n<\/div>\n<div class=\"cxmmr5t8 oygrvhab hcukyx3x c1et5uql o9v6fnle ii04i59q\">\n<div dir=\"auto\">&#8211; Que n\u00e3o vai deixar mal o povo e todos aqueles que n\u00e3o se rev\u00eam nele, porque em democracias respeita-se os direitos e liberdades de escolhas.<\/div>\n<\/div>\n<div class=\"cxmmr5t8 oygrvhab hcukyx3x c1et5uql o9v6fnle ii04i59q\">\n<div dir=\"auto\">-ACJ, dirigiu uma profunda mensagem aos \u00d3rg\u00e3os de Defesa e Seguran\u00e7a do Estado, nomeadamente, a Pol\u00edcia Nacional, For\u00e7as Armas e o SINSE. Dizendo, n\u00e3o tenham medo e n\u00e3o aceitem vos colocar o medo por quem hoje det\u00e9m o poder, v\u00f3s s\u00f3is Republicanos e est\u00e3o ao servi\u00e7o do Estado, quem vos tem dito que se a UNITA assumir o poder ser\u00e3o demitidos dos vossos empregos, estes\u00a0 tem medo da mudan\u00e7a, n\u00e3o \u00e9 verdade, vamos trabalhar com todos voc\u00eas, ali\u00e1s, o pa\u00eds \u00e9 grande e \u00e0s institui\u00e7\u00f5es do Estado s\u00e3o enormes n\u00e3o \u00e9 poss\u00edvel a UNITA governar sozinho como tem feito o MPLA. A UNITA o que far\u00e1 \u00e9 criar outros programas de empregabilidades para empregar todos aqueles que est\u00e3o desempregados. At\u00e9 hoje, o \u00fanico que expulsa funcion\u00e1rios p\u00fablicos por pensarem diferente \u00e9 o MPLA, e n\u00f3s a UNITA faremos o contr\u00e1rio, dignificar os funcion\u00e1rios p\u00fablicos e trabalhadores de empresas privadas;<\/div>\n<\/div>\n<div class=\"cxmmr5t8 oygrvhab hcukyx3x c1et5uql o9v6fnle ii04i59q\">\n<div dir=\"auto\">-Adalberto Costa Ju\u0301nior, agradeceu fortemente aos pol\u00edcias e todas as For\u00e7as do Estado pelo servi\u00e7o prestado neste s\u00e1bado;<\/div>\n<\/div>\n<div class=\"cxmmr5t8 oygrvhab hcukyx3x c1et5uql o9v6fnle ii04i59q\">\n<div dir=\"auto\">&#8211; ACJ, lamentou pelo comportamento recorrente dos \u00f3rg\u00e3os de comunica\u00e7\u00e3o social p\u00fablicos que continuam a n\u00e3o prestar servi\u00e7os as actividades da UNITA e de outros partidos pol\u00edticos da Oposi\u00e7\u00e3o. Nesta senda, prometeu recorrer \u00e0s autoridades competentes para exigir o respeito das leis e da CRA, em \u00faltima inst\u00e2ncia, poder\u00e1 intimar os respons\u00e1veis dos \u00f3rg\u00e3os mencionados para melhor esclarecimentos desses abusos de poder e de confian\u00e7a;<\/div>\n<\/div>\n<div class=\"cxmmr5t8 oygrvhab hcukyx3x c1et5uql o9v6fnle ii04i59q\">\n<div dir=\"auto\">-Enfatizou sobre o verdadeiro combate \u00e0 corrup\u00e7\u00e3o que n\u00e3o permitir\u00e1 a adjudica\u00e7\u00e3o directa dos contratos p\u00fablicos, conforme vem fazendo o Presidente da Rep\u00fablica, Jo\u00e3o Louren\u00e7o, que oferece os contratos p\u00fablicos aos seus amigos sem o recurso a concursos p\u00fablicos;<\/div>\n<\/div>\n<div class=\"cxmmr5t8 oygrvhab hcukyx3x c1et5uql o9v6fnle ii04i59q\">\n<div dir=\"auto\">-Por \u00faltimo, ACJ, apelou que n\u00e3o vai permitir qualquer fraude eleitoral em Agosto pr\u00f3ximo, e exige a publica\u00e7\u00e3o provis\u00f3ria dos cadernos dos cidad\u00e3os eleitores. Ainda foi mais longe ao convidar o Ad\u00e3o de Almeida e Marcy Lopes, a irem consultar os dicion\u00e1rios com vista a entenderem o significado de &#8220;Publica\u00e7\u00e3o e Publicidade &#8220;, na sua vis\u00e3o, a falta de estudos de qualidade pode estar na origem dessa m\u00e1 interpreta\u00e7\u00e3o da lei!<\/div>\n<\/div>\n<div class=\"cxmmr5t8 oygrvhab hcukyx3x c1et5uql o9v6fnle ii04i59q\">\n<div dir=\"auto\">Para terminar, Adalberto Costa J\u00fanior, informou ao p\u00fablico presente que a pr\u00f3xima reuni\u00e3o da Internacional Democracia do Centro (IDC) ter\u00e1 lugar em Luanda\/Angola, todos os l\u00edderes mundiais que fazem parte da mesma organiza\u00e7\u00e3o estar\u00e3o em Angola e espera que o governo de Angola n\u00e3o venha fechar as fronteiras por causa desta actividade de grande dimens\u00e3o pol\u00edtica e democr\u00e1tica dos pa\u00edses membros. E se tentar qualquer impedimento o regime angolano em termos de imagem sairia-se muito mal.<\/div>\n<\/div>\n","protected":false},"excerpt":{"rendered":"<p>No seu discurso proferido neste s\u00e1bado Adalberto Costa Ju\u0301nior exprimiu\u00a0 com determina\u00e7\u00e3o, a sua\u00a0 vis\u00e3o de Estado caso seja presidente de Angola em Agosto. -Prometeu duplicar o OGE para os Sectores de Educa\u00e7\u00e3o e Sa\u00fade, agricultura e investiga\u00e7\u00e3o cient\u00edfica. -Falou de uma verdadeira economia de mercado que proporcionar\u00e1 a concorr\u00eancia e riqueza; -Falou da institucionaliza\u00e7\u00e3o [&hellip;]<\/p>\n","protected":false},"author":1,"featured_media":11080,"comment_status":"open","ping_status":"open","sticky":false,"template":"","format":"gallery","meta":{"footnotes":""},"categories":[12],"tags":[],"class_list":{"0":"post-11072","1":"post","2":"type-post","3":"status-publish","4":"format-gallery","5":"has-post-thumbnail","7":"category-politica-angola","8":"post_format-post-format-gallery"},"amp_enabled":true,"_links":{"self":[{"href":"https:\/\/tvbelas.com\/tvbelas\/wp-json\/wp\/v2\/posts\/11072","targetHints":{"allow":["GET"]}}],"collection":[{"href":"https:\/\/tvbelas.com\/tvbelas\/wp-json\/wp\/v2\/posts"}],"about":[{"href":"https:\/\/tvbelas.com\/tvbelas\/wp-json\/wp\/v2\/types\/post"}],"author":[{"embeddable":true,"href":"https:\/\/tvbelas.com\/tvbelas\/wp-json\/wp\/v2\/users\/1"}],"replies":[{"embeddable":true,"href":"https:\/\/tvbelas.com\/tvbelas\/wp-json\/wp\/v2\/comments?post=11072"}],"version-history":[{"count":0,"href":"https:\/\/tvbelas.com\/tvbelas\/wp-json\/wp\/v2\/posts\/11072\/revisions"}],"wp:featuredmedia":[{"embeddable":true,"href":"https:\/\/tvbelas.com\/tvbelas\/wp-json\/"}],"wp:attachment":[{"href":"https:\/\/tvbelas.com\/tvbelas\/wp-json\/wp\/v2\/media?parent=11072"}],"wp:term":[{"taxonomy":"category","embeddable":true,"href":"https:\/\/tvbelas.com\/tvbelas\/wp-json\/wp\/v2\/categories?post=11072"},{"taxonomy":"post_tag","embeddable":true,"href":"https:\/\/tvbelas.com\/tvbelas\/wp-json\/wp\/v2\/tags?post=11072"}],"curies":[{"name":"wp","href":"https:\/\/api.w.org\/{rel}","templated":true}]}}