{"id":11085,"date":"2022-05-22T10:48:35","date_gmt":"2022-05-22T09:48:35","guid":{"rendered":"http:\/\/tvbelas.com\/tvbelas\/?p=11085"},"modified":"2022-05-22T10:48:35","modified_gmt":"2022-05-22T09:48:35","slug":"efectivos-do-minint-informados-sobre-educacao-civica-eleitoral","status":"publish","type":"post","link":"https:\/\/tvbelas.com\/tvbelas\/noticias\/politica-angola\/efectivos-do-minint-informados-sobre-educacao-civica-eleitoral\/","title":{"rendered":"EFECTIVOS DO MININT INFORMADOS SOBRE EDUCA\u00c7\u00c3O C\u00cdVICA ELEITORAL"},"content":{"rendered":"<div>\n<div class=\"\" dir=\"auto\">\n<div id=\"jsc_c_71\" class=\"ecm0bbzt hv4rvrfc ihqw7lf3 dati1w0a\" data-ad-comet-preview=\"message\" data-ad-preview=\"message\">\n<div class=\"j83agx80 cbu4d94t ew0dbk1b irj2b8pg\">\n<div class=\"qzhwtbm6 knvmm38d\">\n<div class=\"cxmmr5t8 oygrvhab hcukyx3x c1et5uql o9v6fnle ii04i59q\">\n<div dir=\"auto\">Os efectivos dos \u00f3rg\u00e3os executivos e de apoio t\u00e9cnico da Delega\u00e7\u00e3o do Minist\u00e9rio do Interior no Bengo, foram informados, quinta-feira 19.05.2022, sobre &#8220;o Processo Eleitoral em Angola; o comportamento das for\u00e7as do MININT antes, durante e depois do per\u00edodo eleitoral&#8221;, que decorreu no Cine Teatro-Caxito, com objectivo de capacitar os membros do Minist\u00e9rio do Interior sobre a educa\u00e7\u00e3o c\u00edvica eleitoral.<\/div>\n<\/div>\n<div class=\"cxmmr5t8 oygrvhab hcukyx3x c1et5uql o9v6fnle ii04i59q\">\n<div dir=\"auto\">O acto de abertura foi presidido, pelo subcomiss\u00e1rio de investiga\u00e7\u00e3o criminal, Armando Vieira, Director Provincial do Servi\u00e7o de Investiga\u00e7\u00e3o Criminal, em representa\u00e7\u00e3o do comiss\u00e1rio Delfim kalulu In\u00e1cio, Delegado do MININT e Comandante Provincial do Bengo da Pol\u00edcia Nacional, que na ocasi\u00e3o disse que os \u00f3rg\u00e3os de defesa e seguran\u00e7a s\u00e3o chamados a trabalhar para que a festa da democracia tenha o cond\u00e3o de que necessita, da\u00ed a import\u00e2ncia do tema, antes durante e depois das elei\u00e7\u00f5es.<\/div>\n<\/div>\n<div class=\"cxmmr5t8 oygrvhab hcukyx3x c1et5uql o9v6fnle ii04i59q\">\n<div dir=\"auto\">Foi prelector o superintendente chefe, Paulino Hossi Jos\u00e9, Chefe de Departamento de Educa\u00e7\u00e3o Patri\u00f3tica do Comando Provincial do Bengo da Pol\u00edcia Nacional, que na sua interven\u00e7\u00e3o, falou sobre o c\u00f3digo eleitoral, deu a conhecer as formas em que v\u00e3o decorrer as elei\u00e7\u00f5es e o comportamento do cidad\u00e3o durante os dias do voto.<\/div>\n<\/div>\n<div class=\"cxmmr5t8 oygrvhab hcukyx3x c1et5uql o9v6fnle ii04i59q\">\n<div dir=\"auto\">Paulino Hossi Jos\u00e9 disse ainda que, os membros da Assembleia de voto devem ser protegidos pelas for\u00e7as do MININT, devem e estar \u00e0 uma dist\u00e2ncia de at\u00e9 100 metros e referiu sobre os direitos e deveres dos membros da Assembleia de voto.<\/div>\n<\/div>\n<div class=\"cxmmr5t8 oygrvhab hcukyx3x c1et5uql o9v6fnle ii04i59q\">\n<div dir=\"auto\">O oficial superior da PNA no Bengo apelou os partidos pol\u00edticos a evitar incitar a viol\u00eancia frisando que as for\u00e7as do MININT est\u00e3o preparadas para o asseguramento das elei\u00e7\u00f5es gerais marcadas para agosto deste ano, aplicando a Lei.<\/div>\n<\/div>\n<div class=\"cxmmr5t8 oygrvhab hcukyx3x c1et5uql o9v6fnle ii04i59q\">\n<div dir=\"auto\">Participaram da palestra efectivos dos \u00f3rg\u00e3os executivos e de apoio t\u00e9cnico da Delega\u00e7\u00e3o do MININT no Bengo, nomeadamente PN, SIC, SPCB, SME e SP, na categoria de oficiais, subchefes agentes e trabalhadores.<\/div>\n<\/div>\n<\/div>\n<\/div>\n<\/div>\n<\/div>\n<\/div>\n","protected":false},"excerpt":{"rendered":"<p>Os efectivos dos \u00f3rg\u00e3os executivos e de apoio t\u00e9cnico da Delega\u00e7\u00e3o do Minist\u00e9rio do Interior no Bengo, foram informados, quinta-feira 19.05.2022, sobre &#8220;o Processo Eleitoral em Angola; o comportamento das for\u00e7as do MININT antes, durante e depois do per\u00edodo eleitoral&#8221;, que decorreu no Cine Teatro-Caxito, com objectivo de capacitar os membros do Minist\u00e9rio do Interior [&hellip;]<\/p>\n","protected":false},"author":1,"featured_media":11091,"comment_status":"open","ping_status":"open","sticky":false,"template":"","format":"gallery","meta":{"footnotes":""},"categories":[12],"tags":[],"class_list":{"0":"post-11085","1":"post","2":"type-post","3":"status-publish","4":"format-gallery","5":"has-post-thumbnail","7":"category-politica-angola","8":"post_format-post-format-gallery"},"amp_enabled":true,"_links":{"self":[{"href":"https:\/\/tvbelas.com\/tvbelas\/wp-json\/wp\/v2\/posts\/11085","targetHints":{"allow":["GET"]}}],"collection":[{"href":"https:\/\/tvbelas.com\/tvbelas\/wp-json\/wp\/v2\/posts"}],"about":[{"href":"https:\/\/tvbelas.com\/tvbelas\/wp-json\/wp\/v2\/types\/post"}],"author":[{"embeddable":true,"href":"https:\/\/tvbelas.com\/tvbelas\/wp-json\/wp\/v2\/users\/1"}],"replies":[{"embeddable":true,"href":"https:\/\/tvbelas.com\/tvbelas\/wp-json\/wp\/v2\/comments?post=11085"}],"version-history":[{"count":0,"href":"https:\/\/tvbelas.com\/tvbelas\/wp-json\/wp\/v2\/posts\/11085\/revisions"}],"wp:featuredmedia":[{"embeddable":true,"href":"https:\/\/tvbelas.com\/tvbelas\/wp-json\/"}],"wp:attachment":[{"href":"https:\/\/tvbelas.com\/tvbelas\/wp-json\/wp\/v2\/media?parent=11085"}],"wp:term":[{"taxonomy":"category","embeddable":true,"href":"https:\/\/tvbelas.com\/tvbelas\/wp-json\/wp\/v2\/categories?post=11085"},{"taxonomy":"post_tag","embeddable":true,"href":"https:\/\/tvbelas.com\/tvbelas\/wp-json\/wp\/v2\/tags?post=11085"}],"curies":[{"name":"wp","href":"https:\/\/api.w.org\/{rel}","templated":true}]}}