{"id":11203,"date":"2022-05-25T10:59:11","date_gmt":"2022-05-25T09:59:11","guid":{"rendered":"http:\/\/tvbelas.com\/tvbelas\/?p=11203"},"modified":"2022-05-25T10:59:11","modified_gmt":"2022-05-25T09:59:11","slug":"cerqueira-garante-eleicoes-em-ordem-e-seguranca","status":"publish","type":"post","link":"https:\/\/tvbelas.com\/tvbelas\/noticias\/politica-angola\/cerqueira-garante-eleicoes-em-ordem-e-seguranca\/","title":{"rendered":"CERQUEIRA GARANTE ELEI\u00c7\u00d5ES EM ORDEM E SEGURAN\u00c7A"},"content":{"rendered":"<div class=\"cxmmr5t8 oygrvhab hcukyx3x c1et5uql o9v6fnle ii04i59q\">\n<div dir=\"auto\">O Delegado e Comandante Provincial da Pol\u00edcia Nacional em Luanda, comiss\u00e1rio-chefe, Eduardo Fernando Cerqueira garantiu, ter\u00e7a-feira, 24 de Maio do corrente ano, durante um encontro entre o \u00f3rg\u00e3o que dirige e a Comiss\u00e3o Provincial Eleitoral de Luanda, realizado no anfiteatro da Delega\u00e7\u00e3o do MININT\/Luanda, que as condi\u00e7\u00f5es de seguran\u00e7a p\u00fablica em face as elei\u00e7\u00f5es de Agosto pr\u00f3ximo, est\u00e3o totalmente asseguradas antes durante e depois.<\/div>\n<\/div>\n<div class=\"cxmmr5t8 oygrvhab hcukyx3x c1et5uql o9v6fnle ii04i59q\">\n<div dir=\"auto\">H\u00e1 pouco menos de tr\u00eas(03) meses para a realiza\u00e7\u00e3o das Elei\u00e7\u00f5es Gerais, o comiss\u00e1rio-chefe disse que os \u00f3rg\u00e3os do MININT s\u00e3o orientados a adoptarem uma postura imparcial e que acompanhe e assegure todas as actividades eleitorais sem desprimor de um ou de outro Partido Pol\u00edtico. &#8220;Teremos as for\u00e7as todas envolvidas no exerc\u00edcio de asseguramento para a protec\u00e7\u00e3o das pessoas que acorrerem em actos pol\u00edticos, assim como no acto eleitoral&#8221;, assegurou o Delegado e Comandante Provincial.<\/div>\n<\/div>\n<div class=\"cxmmr5t8 oygrvhab hcukyx3x c1et5uql o9v6fnle ii04i59q\">\n<div dir=\"auto\">Eduardo Cerqueira disse ainda que, os \u00f3rg\u00e3os do MININT\/Luanda s\u00e3o respons\u00e1veis pelo regular funcionamento das Institui\u00e7\u00f5es Democr\u00e1ticas, da\u00ed a campanha eleitoral, vota\u00e7\u00e3o, contagem de votos, divulga\u00e7\u00e3o dos resultados e a tomada de posse dos eleitos decorram num ambiente de seguran\u00e7a e tranquilidade, e que a popula\u00e7\u00e3o angolana viva um clima de harmonia e de paz efectiva.<\/div>\n<\/div>\n<div class=\"cxmmr5t8 oygrvhab hcukyx3x c1et5uql o9v6fnle ii04i59q\">\n<div dir=\"auto\">Por seu turno, Afonso Gongo, Presidente da Comiss\u00e3o Eleitoral de Luanda, come\u00e7ou por agradecer a colabora\u00e7\u00e3o e a pronta disposi\u00e7\u00e3o das for\u00e7as para juntos fazerem a grande festa da democracia. Augurou ainda que o MININT promova e assegure a justi\u00e7a transparente e que garantam a seguran\u00e7a psicol\u00f3gica, f\u00edsica e social dos cidad\u00e3os e das institui\u00e7\u00f5es.<\/div>\n<\/div>\n","protected":false},"excerpt":{"rendered":"<p>O Delegado e Comandante Provincial da Pol\u00edcia Nacional em Luanda, comiss\u00e1rio-chefe, Eduardo Fernando Cerqueira garantiu, ter\u00e7a-feira, 24 de Maio do corrente ano, durante um encontro entre o \u00f3rg\u00e3o que dirige e a Comiss\u00e3o Provincial Eleitoral de Luanda, realizado no anfiteatro da Delega\u00e7\u00e3o do MININT\/Luanda, que as condi\u00e7\u00f5es de seguran\u00e7a p\u00fablica em face as elei\u00e7\u00f5es de [&hellip;]<\/p>\n","protected":false},"author":1,"featured_media":11210,"comment_status":"open","ping_status":"open","sticky":false,"template":"","format":"gallery","meta":{"footnotes":""},"categories":[12],"tags":[],"class_list":{"0":"post-11203","1":"post","2":"type-post","3":"status-publish","4":"format-gallery","5":"has-post-thumbnail","7":"category-politica-angola","8":"post_format-post-format-gallery"},"amp_enabled":true,"_links":{"self":[{"href":"https:\/\/tvbelas.com\/tvbelas\/wp-json\/wp\/v2\/posts\/11203","targetHints":{"allow":["GET"]}}],"collection":[{"href":"https:\/\/tvbelas.com\/tvbelas\/wp-json\/wp\/v2\/posts"}],"about":[{"href":"https:\/\/tvbelas.com\/tvbelas\/wp-json\/wp\/v2\/types\/post"}],"author":[{"embeddable":true,"href":"https:\/\/tvbelas.com\/tvbelas\/wp-json\/wp\/v2\/users\/1"}],"replies":[{"embeddable":true,"href":"https:\/\/tvbelas.com\/tvbelas\/wp-json\/wp\/v2\/comments?post=11203"}],"version-history":[{"count":0,"href":"https:\/\/tvbelas.com\/tvbelas\/wp-json\/wp\/v2\/posts\/11203\/revisions"}],"wp:featuredmedia":[{"embeddable":true,"href":"https:\/\/tvbelas.com\/tvbelas\/wp-json\/"}],"wp:attachment":[{"href":"https:\/\/tvbelas.com\/tvbelas\/wp-json\/wp\/v2\/media?parent=11203"}],"wp:term":[{"taxonomy":"category","embeddable":true,"href":"https:\/\/tvbelas.com\/tvbelas\/wp-json\/wp\/v2\/categories?post=11203"},{"taxonomy":"post_tag","embeddable":true,"href":"https:\/\/tvbelas.com\/tvbelas\/wp-json\/wp\/v2\/tags?post=11203"}],"curies":[{"name":"wp","href":"https:\/\/api.w.org\/{rel}","templated":true}]}}