{"id":11803,"date":"2022-06-29T17:49:33","date_gmt":"2022-06-29T16:49:33","guid":{"rendered":"http:\/\/tvbelas.com\/tvbelas\/?p=11803"},"modified":"2022-06-29T17:49:33","modified_gmt":"2022-06-29T16:49:33","slug":"eleicoes-2022-colegio-presidencial-aprova-proposta-do-programa-de-governo-da-casa-ce","status":"publish","type":"post","link":"https:\/\/tvbelas.com\/tvbelas\/noticias\/politica-angola\/eleicoes-2022-colegio-presidencial-aprova-proposta-do-programa-de-governo-da-casa-ce\/","title":{"rendered":"ELEI\u00c7\u00d5ES 2022: COL\u00c9GIO PRESIDENCIAL APROVA PROPOSTA DO PROGRAMA DE GOVERNO DA CASA-CE"},"content":{"rendered":"<div class=\"cxmmr5t8 oygrvhab hcukyx3x c1et5uql o9v6fnle ii04i59q\">\n<div dir=\"auto\">Confiante na valida\u00e7\u00e3o da candidatura para sua terceira participa\u00e7\u00e3o consecutiva em elei\u00e7\u00f5es gerais, a CASA-CE aprovou nesta quarta-feira, 29, a proposta do programa de governa\u00e7\u00e3o da Coliga\u00e7\u00e3o, a ser implementada no quinqu\u00e9nio 2022-2027, em caso de vit\u00f3ria eleitoral, em 24 de agosto pr\u00f3ximo.<\/div>\n<\/div>\n<div class=\"cxmmr5t8 oygrvhab hcukyx3x c1et5uql o9v6fnle ii04i59q\">\n<div dir=\"auto\">Sob lema &#8220;casa, trabalho e sal\u00e1rio justo,&#8221; a proposta do programa de governa\u00e7\u00e3o da CASA-CE corporiza um conjunto de pol\u00edticas p\u00fablicas exequ\u00edveis, que em sede da sua implementa\u00e7\u00e3o v\u00e3o permitir os angolanos a encararem o presente e o futuro com realismo e optimismo, nos pr\u00f3ximos 5 anos.<\/div>\n<\/div>\n<div class=\"cxmmr5t8 oygrvhab hcukyx3x c1et5uql o9v6fnle ii04i59q\">\n<div dir=\"auto\">O documento, aprovado pelo Col\u00e9gio Presidencial, absorve no seu conte\u00fado valiosas contribui\u00e7\u00f5es dos cidad\u00e3os, institui\u00e7\u00f5es p\u00fablicas e privadas fornecidas durante o processo de consulta p\u00fablica e recolha de contribui\u00e7\u00f5es levado a cabo pela Coliga\u00e7\u00e3o, em todo territ\u00f3rio nacional, numa iniciativa in\u00e9dita da CASA-CE do seu l\u00edder Manuel Fernandes.<\/div>\n<\/div>\n<div class=\"cxmmr5t8 oygrvhab hcukyx3x c1et5uql o9v6fnle ii04i59q\">\n<div dir=\"auto\">Com as aten\u00e7\u00f5es viradas na qualidade da mensagem de esperan\u00e7a da CASA-CE para os angolanos, o Col\u00e9gio Presidencial volta a reunir na pr\u00f3xima sexta-feira, dia 1 de Julho, para discutir e aprovar, igualmente, o manifesto eleitoral da Coliga\u00e7\u00e3o.<\/div>\n<\/div>\n<div class=\"cxmmr5t8 oygrvhab hcukyx3x c1et5uql o9v6fnle ii04i59q\">\n<div dir=\"auto\">Face \u00e0 intensa din\u00e2mica em torno do trabalho pol\u00edtico interno, o Col\u00e9gio Presidencial estabeleceu para o dia 9 de Julho, em Luanda, a realiza\u00e7\u00e3o do acto pol\u00edtico de massas para apresenta\u00e7\u00e3o p\u00fablica do programa de governo e do manifesto eleitoral, acto que ser\u00e1 antecedido de uma confer\u00eancia de imprensa a ser dada pelo n\u00famero 1 da CASA-CE.<\/div>\n<\/div>\n<div class=\"cxmmr5t8 oygrvhab hcukyx3x c1et5uql o9v6fnle ii04i59q\">\n<div dir=\"auto\">Com 16 assentos parlamentares conquistados nas elei\u00e7\u00f5es gerais de 23 de agosto de 2017, a CASA-CE \u00e9 a terceira maior for\u00e7a pol\u00edtica em Angola e tem como candidato a Presidente da Rep\u00fablica e a Vice-presidente da Rep\u00fablica, o economista Manuel Fernandes e o jurista Alexandre Sebasti\u00e3o Andr\u00e9, respectivamente.<\/div>\n<\/div>\n","protected":false},"excerpt":{"rendered":"<p>Confiante na valida\u00e7\u00e3o da candidatura para sua terceira participa\u00e7\u00e3o consecutiva em elei\u00e7\u00f5es gerais, a CASA-CE aprovou nesta quarta-feira, 29, a proposta do programa de governa\u00e7\u00e3o da Coliga\u00e7\u00e3o, a ser implementada no quinqu\u00e9nio 2022-2027, em caso de vit\u00f3ria eleitoral, em 24 de agosto pr\u00f3ximo. Sob lema &#8220;casa, trabalho e sal\u00e1rio justo,&#8221; a proposta do programa de [&hellip;]<\/p>\n","protected":false},"author":1,"featured_media":11806,"comment_status":"open","ping_status":"open","sticky":false,"template":"","format":"gallery","meta":{"footnotes":""},"categories":[12],"tags":[],"class_list":{"0":"post-11803","1":"post","2":"type-post","3":"status-publish","4":"format-gallery","5":"has-post-thumbnail","7":"category-politica-angola","8":"post_format-post-format-gallery"},"amp_enabled":true,"_links":{"self":[{"href":"https:\/\/tvbelas.com\/tvbelas\/wp-json\/wp\/v2\/posts\/11803","targetHints":{"allow":["GET"]}}],"collection":[{"href":"https:\/\/tvbelas.com\/tvbelas\/wp-json\/wp\/v2\/posts"}],"about":[{"href":"https:\/\/tvbelas.com\/tvbelas\/wp-json\/wp\/v2\/types\/post"}],"author":[{"embeddable":true,"href":"https:\/\/tvbelas.com\/tvbelas\/wp-json\/wp\/v2\/users\/1"}],"replies":[{"embeddable":true,"href":"https:\/\/tvbelas.com\/tvbelas\/wp-json\/wp\/v2\/comments?post=11803"}],"version-history":[{"count":0,"href":"https:\/\/tvbelas.com\/tvbelas\/wp-json\/wp\/v2\/posts\/11803\/revisions"}],"wp:featuredmedia":[{"embeddable":true,"href":"https:\/\/tvbelas.com\/tvbelas\/wp-json\/"}],"wp:attachment":[{"href":"https:\/\/tvbelas.com\/tvbelas\/wp-json\/wp\/v2\/media?parent=11803"}],"wp:term":[{"taxonomy":"category","embeddable":true,"href":"https:\/\/tvbelas.com\/tvbelas\/wp-json\/wp\/v2\/categories?post=11803"},{"taxonomy":"post_tag","embeddable":true,"href":"https:\/\/tvbelas.com\/tvbelas\/wp-json\/wp\/v2\/tags?post=11803"}],"curies":[{"name":"wp","href":"https:\/\/api.w.org\/{rel}","templated":true}]}}