{"id":11911,"date":"2022-07-08T13:07:32","date_gmt":"2022-07-08T12:07:32","guid":{"rendered":"http:\/\/tvbelas.com\/tvbelas\/?p=11911"},"modified":"2022-07-08T13:07:32","modified_gmt":"2022-07-08T12:07:32","slug":"presidente-joao-lourenco-decreta-luto-nacional","status":"publish","type":"post","link":"https:\/\/tvbelas.com\/tvbelas\/noticias\/politica-angola\/presidente-joao-lourenco-decreta-luto-nacional\/","title":{"rendered":"PRESIDENTE JO\u00c3O LOUREN\u00c7O DECRETA LUTO NACIONAL"},"content":{"rendered":"<div class=\"cxmmr5t8 oygrvhab hcukyx3x c1et5uql o9v6fnle ii04i59q\">\n<div dir=\"auto\">Considerando o passamento f\u00edsico do antigo Presidente da Rep\u00fablica de Angola JOS\u00c9 EDUARDO DOS SANTOS, ocorrido aos 8 de Julho de 2022;<\/div>\n<\/div>\n<div class=\"cxmmr5t8 oygrvhab hcukyx3x c1et5uql o9v6fnle ii04i59q\">\n<div dir=\"auto\">Tendo em conta que o Presidente JOS\u00c9 EDUARDO DOS SANTOS foi uma figura \u00edmpar da P\u00e1tria Angolana, \u00e0 qual se dedicou desde muito cedo, tendo tido relevante participa\u00e7\u00e3o na luta contra a coloniza\u00e7\u00e3o, na conquista da Independ\u00eancia Nacional, na consolida\u00e7\u00e3o da Na\u00e7\u00e3o Angolana, na sua afirma\u00e7\u00e3o no contexto das Na\u00e7\u00f5es, na conquista da Paz e reconstru\u00e7\u00e3o e reconcilia\u00e7\u00e3o nacionais;<\/div>\n<\/div>\n<div class=\"cxmmr5t8 oygrvhab hcukyx3x c1et5uql o9v6fnle ii04i59q\">\n<div dir=\"auto\">Convindo homenagear condignamente a sua figura, a sua obra, os seus feitos e o seu legado ao servi\u00e7o da Na\u00e7\u00e3o Angolana;<\/div>\n<\/div>\n<div class=\"cxmmr5t8 oygrvhab hcukyx3x c1et5uql o9v6fnle ii04i59q\">\n<div dir=\"auto\">O Presidente da Rep\u00fablica decreta, nos termos da al\u00ednea m) do artigo 120, do n\u00ba 4 do artigo 125 e da al\u00edne a) do n\u00ba 4 do artigo 5\u00ba da Lei n\u00ba 5\/11, de 21 de Janeiro, o seguinte:<\/div>\n<\/div>\n<div class=\"cxmmr5t8 oygrvhab hcukyx3x c1et5uql o9v6fnle ii04i59q\">\n<div dir=\"auto\">1. \u00c9 declarado luto nacional a ser observado em todo o territ\u00f3rio nacional e nas miss\u00f5es diplom\u00e1ticas e consulares.<\/div>\n<\/div>\n<div class=\"cxmmr5t8 oygrvhab hcukyx3x c1et5uql o9v6fnle ii04i59q\">\n<div dir=\"auto\">2. O luto nacional referido no n\u00famero anterior tem a dura\u00e7\u00e3o de 5 dias e inicia \u00e0s 00 horas do dia 9 de Julho de 2022.<\/div>\n<\/div>\n<div class=\"cxmmr5t8 oygrvhab hcukyx3x c1et5uql o9v6fnle ii04i59q\">\n<div dir=\"auto\">3. Enquanto vigorar o luto nacional, deve-se colocar a Bandeira Nacional \u00e0 meia-haste e cancelar todos os espect\u00e1culos e manifesta\u00e7\u00f5es p\u00fablicas.<\/div>\n<\/div>\n<div class=\"cxmmr5t8 oygrvhab hcukyx3x c1et5uql o9v6fnle ii04i59q\">\n<div dir=\"auto\">O Presidente da Rep\u00fablica<\/div>\n<\/div>\n<div class=\"cxmmr5t8 oygrvhab hcukyx3x c1et5uql o9v6fnle ii04i59q\">\n<div dir=\"auto\">JO\u00c3O MANUEL GON\u00c7ALVES LOUREN\u00c7O<\/div>\n<\/div>\n","protected":false},"excerpt":{"rendered":"<p>Considerando o passamento f\u00edsico do antigo Presidente da Rep\u00fablica de Angola JOS\u00c9 EDUARDO DOS SANTOS, ocorrido aos 8 de Julho de 2022; Tendo em conta que o Presidente JOS\u00c9 EDUARDO DOS SANTOS foi uma figura \u00edmpar da P\u00e1tria Angolana, \u00e0 qual se dedicou desde muito cedo, tendo tido relevante participa\u00e7\u00e3o na luta contra a coloniza\u00e7\u00e3o, [&hellip;]<\/p>\n","protected":false},"author":1,"featured_media":11913,"comment_status":"open","ping_status":"open","sticky":false,"template":"","format":"standard","meta":{"footnotes":""},"categories":[12],"tags":[],"class_list":{"0":"post-11911","1":"post","2":"type-post","3":"status-publish","4":"format-standard","5":"has-post-thumbnail","7":"category-politica-angola"},"amp_enabled":true,"_links":{"self":[{"href":"https:\/\/tvbelas.com\/tvbelas\/wp-json\/wp\/v2\/posts\/11911","targetHints":{"allow":["GET"]}}],"collection":[{"href":"https:\/\/tvbelas.com\/tvbelas\/wp-json\/wp\/v2\/posts"}],"about":[{"href":"https:\/\/tvbelas.com\/tvbelas\/wp-json\/wp\/v2\/types\/post"}],"author":[{"embeddable":true,"href":"https:\/\/tvbelas.com\/tvbelas\/wp-json\/wp\/v2\/users\/1"}],"replies":[{"embeddable":true,"href":"https:\/\/tvbelas.com\/tvbelas\/wp-json\/wp\/v2\/comments?post=11911"}],"version-history":[{"count":0,"href":"https:\/\/tvbelas.com\/tvbelas\/wp-json\/wp\/v2\/posts\/11911\/revisions"}],"wp:featuredmedia":[{"embeddable":true,"href":"https:\/\/tvbelas.com\/tvbelas\/wp-json\/"}],"wp:attachment":[{"href":"https:\/\/tvbelas.com\/tvbelas\/wp-json\/wp\/v2\/media?parent=11911"}],"wp:term":[{"taxonomy":"category","embeddable":true,"href":"https:\/\/tvbelas.com\/tvbelas\/wp-json\/wp\/v2\/categories?post=11911"},{"taxonomy":"post_tag","embeddable":true,"href":"https:\/\/tvbelas.com\/tvbelas\/wp-json\/wp\/v2\/tags?post=11911"}],"curies":[{"name":"wp","href":"https:\/\/api.w.org\/{rel}","templated":true}]}}