{"id":11961,"date":"2022-07-13T14:09:09","date_gmt":"2022-07-13T13:09:09","guid":{"rendered":"http:\/\/tvbelas.com\/tvbelas\/?p=11961"},"modified":"2022-07-13T14:09:09","modified_gmt":"2022-07-13T13:09:09","slug":"papa-francisco-solidario-com-os-angolanos-pelo-falecimento-do-ex-presidente-jose-eduardo-dos-santos","status":"publish","type":"post","link":"https:\/\/tvbelas.com\/tvbelas\/noticias\/politica-angola\/papa-francisco-solidario-com-os-angolanos-pelo-falecimento-do-ex-presidente-jose-eduardo-dos-santos\/","title":{"rendered":"PAPA FRANCISCO SOLID\u00c1RIO COM OS ANGOLANOS PELO FALECIMENTO DO EX-PRESIDENTE JOS\u00c9 EDUARDO DOS SANTOS"},"content":{"rendered":"<p>Jos\u00e9 Eduardo dos Santos, falecido aos 79 anos de idade, ocupou as fun\u00e7\u00f5es de Presidente da Rep\u00fablica durante 38 anos, at\u00e9 Setembro de 2017, altura em que foi sucedido pelo actual Chefe de Estado, Jo\u00e3o Louren\u00e7o.<\/p>\n<p>O Santo Padre manifesta a sua solidariedade e recorda o estadista que se prodigalizou pela constru\u00e7\u00e3o da p\u00e1tria.<\/p>\n<p>Na mensagem enviada ao Presidente Jo\u00e3o Louren\u00e7o, o l\u00edder da Igreja Cat\u00f3lica pede consolo para os que choram pela partida de Dos Santos e coragem incans\u00e1vel para todos os que trabalham em prol da unidade e do progresso da na\u00e7\u00e3o.<\/p>\n<p>J\u00e1 o Presidente da Rep\u00fablica do Congo, Denis Sassou N\u00b4guesso, considera Jos\u00e9 Eduardo dos Santos como um pilar da vida pol\u00edtica internacional, nomeadamente no continente africano, particularmente na sub-regi\u00e3o da \u00c1frica Austral.<\/p>\n<p>Destaca o engajamento deste dirigente na consolida\u00e7\u00e3o da paz, estabilidade e conc\u00f3rdia nacional.<\/p>\n<p>Recorda os la\u00e7os de proximidade e de fraternidade com Jos\u00e9 Eduardo dos Santos, \u201ccuja ac\u00e7\u00e3o se confunde admiravelmente com a hist\u00f3ria contempor\u00e2nea de Angola\u201d.<\/p>\n<p>Ainda hoje, o embaixador da R\u00fassia em Angola, Vladimir Tararov, endere\u00e7ou uma mensagem, onde destaca os feitos do ex-presidente e manifesta sentimentos de pesar pela \u201cgrande perda\u201d.<\/p>\n<p>J\u00e1 o embaixador de Angola em Portugal, Carlos Alberto Fonseca, que assinou o livro de condol\u00eancias aberto nas instala\u00e7\u00f5es da Miss\u00e3o Diplom\u00e1tica em Lisboa, fala do l\u00edder como um patriota sem tr\u00e9guas, diplomata ex\u00edmio e profundo humanista dedicado a causa do povo.<\/p>\n<p>Lembra que nos mais dif\u00edceis e conturbados momentos da hist\u00f3ria do pa\u00eds, o antigo Presidente soube preservar e afirmar a soberania nacional no conceito das Na\u00e7\u00f5es.<\/p>\n<p>O embaixador\u00a0de Angola na Rep\u00fablica Federativa do Brasil, Flor\u00eancio\u00a0 de Almeida, fala da participa\u00e7\u00e3o\u00a0de Dos Santos na luta contra o colonialismo, conquista da independ\u00eancia, consolida\u00e7\u00e3o\u00a0 da paz, afirma\u00e7\u00e3o do pa\u00eds no contexto das na\u00e7\u00f5es, instaura\u00e7\u00e3o da democracia multi-partid\u00e1ria, reconcilia\u00e7\u00e3o\u00a0e unidade nacional, assim como na reconstru\u00e7\u00e3o e no desenvolvimento econ\u00f3mico e social.<\/p>\n","protected":false},"excerpt":{"rendered":"<p>Jos\u00e9 Eduardo dos Santos, falecido aos 79 anos de idade, ocupou as fun\u00e7\u00f5es de Presidente da Rep\u00fablica durante 38 anos, at\u00e9 Setembro de 2017, altura em que foi sucedido pelo actual Chefe de Estado, Jo\u00e3o Louren\u00e7o. O Santo Padre manifesta a sua solidariedade e recorda o estadista que se prodigalizou pela constru\u00e7\u00e3o da p\u00e1tria. Na [&hellip;]<\/p>\n","protected":false},"author":1,"featured_media":11963,"comment_status":"open","ping_status":"open","sticky":false,"template":"","format":"standard","meta":{"footnotes":""},"categories":[12],"tags":[],"class_list":{"0":"post-11961","1":"post","2":"type-post","3":"status-publish","4":"format-standard","5":"has-post-thumbnail","7":"category-politica-angola"},"amp_enabled":true,"_links":{"self":[{"href":"https:\/\/tvbelas.com\/tvbelas\/wp-json\/wp\/v2\/posts\/11961","targetHints":{"allow":["GET"]}}],"collection":[{"href":"https:\/\/tvbelas.com\/tvbelas\/wp-json\/wp\/v2\/posts"}],"about":[{"href":"https:\/\/tvbelas.com\/tvbelas\/wp-json\/wp\/v2\/types\/post"}],"author":[{"embeddable":true,"href":"https:\/\/tvbelas.com\/tvbelas\/wp-json\/wp\/v2\/users\/1"}],"replies":[{"embeddable":true,"href":"https:\/\/tvbelas.com\/tvbelas\/wp-json\/wp\/v2\/comments?post=11961"}],"version-history":[{"count":0,"href":"https:\/\/tvbelas.com\/tvbelas\/wp-json\/wp\/v2\/posts\/11961\/revisions"}],"wp:featuredmedia":[{"embeddable":true,"href":"https:\/\/tvbelas.com\/tvbelas\/wp-json\/"}],"wp:attachment":[{"href":"https:\/\/tvbelas.com\/tvbelas\/wp-json\/wp\/v2\/media?parent=11961"}],"wp:term":[{"taxonomy":"category","embeddable":true,"href":"https:\/\/tvbelas.com\/tvbelas\/wp-json\/wp\/v2\/categories?post=11961"},{"taxonomy":"post_tag","embeddable":true,"href":"https:\/\/tvbelas.com\/tvbelas\/wp-json\/wp\/v2\/tags?post=11961"}],"curies":[{"name":"wp","href":"https:\/\/api.w.org\/{rel}","templated":true}]}}