{"id":12924,"date":"2020-10-06T22:16:21","date_gmt":"2020-10-06T21:16:21","guid":{"rendered":"http:\/\/tvbelas.com\/tvbelas\/?p=2243"},"modified":"2020-10-06T22:16:21","modified_gmt":"2020-10-06T21:16:21","slug":"michelle-obama-diz-que-trump-e-racista-e-semeia-o-medo-e-a-confusao","status":"publish","type":"post","link":"https:\/\/tvbelas.com\/tvbelas\/noticias\/internacional\/michelle-obama-diz-que-trump-e-racista-e-semeia-o-medo-e-a-confusao\/","title":{"rendered":"Michelle Obama diz que Trump \u00e9 racista e semeia &#8220;o medo e a confus\u00e3o&#8221;"},"content":{"rendered":"<p><span class=\"news_bold\"><span class=\"news_capital_letter\">&#8220;<\/span>O que o Presidente est\u00e1 a fazer \u00e9 claramente errado, \u00e9 moralmente errado e, sim, \u00e9 racista&#8221;, disse Michelle\u00a0<span class=\"nanospell-typo\">Obama<\/span><\/span>, referindo-se \u00e0 onda de manifesta\u00e7\u00f5es contra a viol\u00eancia policial, que Donald Trump classificou como &#8220;terrorismo interno&#8221;.<\/p>\n<p>Algumas das manifesta\u00e7\u00f5es\u00a0<span class=\"nanospell-typo\">antirracistas<\/span>\u00a0desencadeadas pela morte de George Floyd transformaram-se em motins, nomeadamente ap\u00f3s a interven\u00e7\u00e3o de mil\u00edcias da extrema-direita.<\/p>\n<p>&#8220;Apenas em uma pequena parte das manifesta\u00e7\u00f5es houve viol\u00eancia&#8221;, afirmou a ex-primeira-dama,\u00a0<span class=\"news_bold\">numa mensagem v\u00eddeo em que apela aos norte-americanos para se mobilizarem em torno do candidato democrata Joe\u00a0<span class=\"nanospell-typo\">Biden<\/span>.<\/span><\/p>\n<p><iframe loading=\"lazy\" src=\"https:\/\/www.facebook.com\/plugins\/video.php?href=https%3A%2F%2Fwww.facebook.com%2Fmichelleobama%2Fvideos%2F3557121774339125%2F&amp;show_text=0&amp;width=560\" width=\"560\" height=\"315\" frameborder=\"0\" scrolling=\"no\" data-mce-fragment=\"1\"><\/iframe><\/p>\n<p><span class=\"news_bold\">Joe\u00a0<span class=\"nanospell-typo\">Biden<\/span>, disse Michelle\u00a0<span class=\"nanospell-typo\">Obama<\/span>, \u00e9 um l\u00edder que tem &#8220;o cora\u00e7\u00e3o, a\u00a0<span class=\"nanospell-typo\">experiencia<\/span>\u00a0e o temperamento necess\u00e1rios para nos conduzir&#8221; a Am\u00e9rica a &#8220;melhores dias&#8221;.<\/span><\/p>\n<p><span class=\"news_bold\">Perante as &#8220;mentiras&#8221; de Donald Trump e as &#8220;conspira\u00e7\u00f5es repetidas continuamente&#8221;, at\u00e9 &#8220;as pessoas razo\u00e1veis podem ter medo&#8221;, acrescentou<\/span>, salientando que\u00a0<span class=\"news_bold\">&#8220;a \u00fanica coisa em que este Presidente \u00e9 bom \u00e9 em usar o medo, a confus\u00e3o, e a espalhar mentiras para vencer&#8221;.<\/span><\/p>\n<p>No final de\u00a0<span class=\"nanospell-typo\">agosto<\/span>, na conven\u00e7\u00e3o republicana, Donald Trump disse que se &#8220;a esquerda chegar ao poder, vai acabar com os sub\u00farbios residenciais&#8221;, acusando os democratas de defenderem &#8220;os anarquistas, agitadores, desordeiros&#8221; e aqueles que &#8220;queimam a bandeira&#8221;.<\/p>\n<p>&#8220;Imaginem o que \u00e9 estar sob suspeita desde o dia em que nasceram s\u00f3 por causa da cor da pele&#8221;, argumentou hoje a mulher do primeiro Presidente negro da hist\u00f3ria dos Estados Unidos da Am\u00e9rica, numa mensagem dirigidas aos indecisos para as elei\u00e7\u00f5es que se realizam no in\u00edcio de\u00a0<span class=\"nanospell-typo\">novembro<\/span>.<\/p>\n<p><span class=\"news_bold\">&#8220;Racismo, medo, divis\u00e3o. Essas s\u00e3o armas poderosas que podem destruir uma na\u00e7\u00e3o se n\u00e3o os atacarmos pela frente&#8221;, sustentou.<\/span><\/p>\n<p>As elei\u00e7\u00f5es para a presid\u00eancia norte-americana est\u00e3o marcadas para 03 de\u00a0<span class=\"nanospell-typo\">novembro<\/span>\u00a0e op\u00f5em o candidato democrata Joe\u00a0<span class=\"nanospell-typo\">Biden<\/span>\u00a0ao candidato republicano e\u00a0<span class=\"nanospell-typo\">atual<\/span>\u00a0Presidente, Donald Trump.<\/p>\n","protected":false},"excerpt":{"rendered":"<p>&#8220;O que o Presidente est\u00e1 a fazer \u00e9 claramente errado, \u00e9 moralmente errado e, sim, \u00e9 racista&#8221;, disse Michelle\u00a0Obama, referindo-se \u00e0 onda de manifesta\u00e7\u00f5es contra a viol\u00eancia policial, que Donald Trump classificou como &#8220;terrorismo interno&#8221;. Algumas das manifesta\u00e7\u00f5es\u00a0antirracistas\u00a0desencadeadas pela morte de George Floyd transformaram-se em motins, nomeadamente ap\u00f3s a interven\u00e7\u00e3o de mil\u00edcias da extrema-direita. &#8220;Apenas [&hellip;]<\/p>\n","protected":false},"author":1,"featured_media":2244,"comment_status":"open","ping_status":"open","sticky":false,"template":"","format":"standard","meta":{"footnotes":""},"categories":[22],"tags":[],"class_list":{"0":"post-12924","1":"post","2":"type-post","3":"status-publish","4":"format-standard","5":"has-post-thumbnail","7":"category-internacional"},"amp_enabled":true,"_links":{"self":[{"href":"https:\/\/tvbelas.com\/tvbelas\/wp-json\/wp\/v2\/posts\/12924","targetHints":{"allow":["GET"]}}],"collection":[{"href":"https:\/\/tvbelas.com\/tvbelas\/wp-json\/wp\/v2\/posts"}],"about":[{"href":"https:\/\/tvbelas.com\/tvbelas\/wp-json\/wp\/v2\/types\/post"}],"author":[{"embeddable":true,"href":"https:\/\/tvbelas.com\/tvbelas\/wp-json\/wp\/v2\/users\/1"}],"replies":[{"embeddable":true,"href":"https:\/\/tvbelas.com\/tvbelas\/wp-json\/wp\/v2\/comments?post=12924"}],"version-history":[{"count":0,"href":"https:\/\/tvbelas.com\/tvbelas\/wp-json\/wp\/v2\/posts\/12924\/revisions"}],"wp:featuredmedia":[{"embeddable":true,"href":"https:\/\/tvbelas.com\/tvbelas\/wp-json\/"}],"wp:attachment":[{"href":"https:\/\/tvbelas.com\/tvbelas\/wp-json\/wp\/v2\/media?parent=12924"}],"wp:term":[{"taxonomy":"category","embeddable":true,"href":"https:\/\/tvbelas.com\/tvbelas\/wp-json\/wp\/v2\/categories?post=12924"},{"taxonomy":"post_tag","embeddable":true,"href":"https:\/\/tvbelas.com\/tvbelas\/wp-json\/wp\/v2\/tags?post=12924"}],"curies":[{"name":"wp","href":"https:\/\/api.w.org\/{rel}","templated":true}]}}