{"id":12956,"date":"2020-12-14T16:27:31","date_gmt":"2020-12-14T15:27:31","guid":{"rendered":"http:\/\/tvbelas.com\/tvbelas\/?p=2820"},"modified":"2020-12-14T16:27:31","modified_gmt":"2020-12-14T15:27:31","slug":"covid-19-secretaria-de-estado-quer-portugal-fora-de-lista-vermelha-suica-2","status":"publish","type":"post","link":"https:\/\/tvbelas.com\/tvbelas\/noticias\/internacional\/covid-19-secretaria-de-estado-quer-portugal-fora-de-lista-vermelha-suica-2\/","title":{"rendered":"Covid-19: Secret\u00e1ria de Estado quer Portugal fora de lista vermelha su\u00ed\u00e7a"},"content":{"rendered":"<p><span class=\"news_capital_letter\">&#8220;<\/span>Esta decis\u00e3o foi tomada numa altura em que Portugal estava no pico da segunda vaga. J\u00e1 n\u00e3o se justifica, porque n\u00f3s temos menos novos casos por 100.000 habitantes do que tem a Su\u00ed\u00e7a e o crit\u00e9rio da Su\u00ed\u00e7a \u00e9 p\u00f4r na lista vermelha os pa\u00edses com mais casos do que a Su\u00ed\u00e7a por 100.000 habitantes&#8221;, afirmou Berta Nunes.<\/p>\n<p>Em declara\u00e7\u00f5es \u00e0 ag\u00eancia Lusa, a governante revelou que recebeu v\u00e1rias queixas de portugueses que n\u00e3o aceitam a medida, alguns dos quais j\u00e1 subscreveram uma peti\u00e7\u00e3o para Portugal sair dessa lista vermelha, a qual reunia hoje 11.878 assinaturas.<\/p>\n<p>&#8220;Temos desenvolvido contactos com as autoridades su\u00ed\u00e7as, com o nosso embaixador na Su\u00ed\u00e7a, que nos tem mantidos informados da situa\u00e7\u00e3o, e aqui no minist\u00e9rio [dos Neg\u00f3cios Estrangeiros] estamos a desenvolver contactos para que a Su\u00ed\u00e7a retire Portugal dessa lista vermelha, porque n\u00e3o se justifica&#8221;, adiantou.<\/p>\n<p>Segundo Berta Nunes, a Su\u00ed\u00e7a ainda n\u00e3o respondeu \u00e0s pretens\u00f5es portuguesas, mas o motivo que levou o pa\u00eds a colocar Portugal na lista n\u00e3o est\u00e1\u00a0<span class=\"nanospell-typo\">atualizado<\/span>.<\/p>\n<p>Isto porque a decis\u00e3o su\u00ed\u00e7a foi tomada &#8220;quando Portugal estava no pico desta segunda vaga&#8221;, disse.<\/p>\n<p>&#8220;Temos vindo a baixar e estamos numa situa\u00e7\u00e3o em que temos menos casos do que a Su\u00ed\u00e7a por 100.000 habitantes&#8221;, reiterou.<\/p>\n<p>Desde o in\u00edcio da pandemia, Portugal j\u00e1 registou 5.694 mortes e 350.938 casos de\u00a0<span class=\"nanospell-typo\">infe\u00e7\u00e3o<\/span>\u00a0pelo v\u00edrus\u00a0<span class=\"nanospell-typo\">SARS<\/span>&#8211;<span class=\"nanospell-typo\">CoV<\/span>-2, estando hoje\u00a0<span class=\"nanospell-typo\">ativos<\/span>\u00a071.012, menos 851 casos em rela\u00e7\u00e3o a domingo.<\/p>\n<p>Dados oficiais mostram que este \u00e9 o n\u00famero mais baixo de novos casos num s\u00f3 dia desde 20 de\u00a0<span class=\"nanospell-typo\">outubro<\/span>, quando foram registados 1.876.<\/p>\n<p>Ainda sem resposta da Confedera\u00e7\u00e3o Su\u00ed\u00e7a est\u00e3o os autores da peti\u00e7\u00e3o que pretende travar esta quarentena obrigat\u00f3ria para quem regresse \u00e0 Su\u00ed\u00e7a, oriundo de Portugal.<\/p>\n<p>A peti\u00e7\u00e3o foi lan\u00e7ada na rede social\u00a0<span class=\"nanospell-typo\">Facebook<\/span>, na p\u00e1gina &#8220;Emigrar para a Su\u00ed\u00e7a&#8221;, e exige a retirada de Portugal da lista de pa\u00edses considerados de elevado risco de\u00a0<span class=\"nanospell-typo\">infe\u00e7\u00e3o<\/span>\u00a0pelo novo coronav\u00edrus.<\/p>\n<p>A partir de hoje, todos os portugueses que viajem ao pa\u00eds de origem est\u00e3o obrigados a fazer uma quarentena de 10 dias ap\u00f3s o seu regresso a territ\u00f3rio su\u00ed\u00e7o.<\/p>\n<p>A pandemia de\u00a0<span class=\"nanospell-typo\">covid<\/span>-19 provocou pelo menos 1.612.297 mortos resultantes de mais de 72,1 milh\u00f5es de casos de\u00a0<span class=\"nanospell-typo\">infe\u00e7\u00e3o<\/span>\u00a0em todo o mundo, segundo um balan\u00e7o feito pela ag\u00eancia francesa\u00a0<span class=\"nanospell-typo\">AFP<\/span>.<\/p>\n<p>A doen\u00e7a \u00e9 transmitida por um novo coronav\u00edrus\u00a0<span class=\"nanospell-typo\">detetado<\/span>\u00a0no final de\u00a0<span class=\"nanospell-typo\">dezembro<\/span>\u00a0de 2019, em\u00a0<span class=\"nanospell-typo\">Wuhan<\/span>, uma cidade do centro da China.<\/p>\n<div class=\"hidden-xs hidden-sm hidden-md\">\n<div class=\"margin-bottom-20\">\n<div id=\"InContentPos1\" data-pub-siteid=\"NEWADVENTURES_Noticias_ao_Minuto\" data-pub-pageid=\"ARTICLE_Pais\" data-pub-formatid=\"InContent\" data-pub-lazy=\"false\" data-pub-target=\"category=pais;slug=covid-19-secretaria-de-estado-quer-portugal-fora-de-lista-vermelha-suica;slugid=1646560\" data-pub=\"appNexus\" data-pub-counted=\"yes\" data-pub-processed=\"yes\" data-pub-rendered=\"yes\">\n<div id=\"div_utif_InContentPos1\"><\/div>\n<\/div>\n<\/div>\n<\/div>\n","protected":false},"excerpt":{"rendered":"<p>&#8220;Esta decis\u00e3o foi tomada numa altura em que Portugal estava no pico da segunda vaga. J\u00e1 n\u00e3o se justifica, porque n\u00f3s temos menos novos casos por 100.000 habitantes do que tem a Su\u00ed\u00e7a e o crit\u00e9rio da Su\u00ed\u00e7a \u00e9 p\u00f4r na lista vermelha os pa\u00edses com mais casos do que a Su\u00ed\u00e7a por 100.000 habitantes&#8221;, [&hellip;]<\/p>\n","protected":false},"author":1,"featured_media":2822,"comment_status":"open","ping_status":"open","sticky":false,"template":"","format":"standard","meta":{"footnotes":""},"categories":[22],"tags":[],"class_list":{"0":"post-12956","1":"post","2":"type-post","3":"status-publish","4":"format-standard","5":"has-post-thumbnail","7":"category-internacional"},"amp_enabled":true,"_links":{"self":[{"href":"https:\/\/tvbelas.com\/tvbelas\/wp-json\/wp\/v2\/posts\/12956","targetHints":{"allow":["GET"]}}],"collection":[{"href":"https:\/\/tvbelas.com\/tvbelas\/wp-json\/wp\/v2\/posts"}],"about":[{"href":"https:\/\/tvbelas.com\/tvbelas\/wp-json\/wp\/v2\/types\/post"}],"author":[{"embeddable":true,"href":"https:\/\/tvbelas.com\/tvbelas\/wp-json\/wp\/v2\/users\/1"}],"replies":[{"embeddable":true,"href":"https:\/\/tvbelas.com\/tvbelas\/wp-json\/wp\/v2\/comments?post=12956"}],"version-history":[{"count":0,"href":"https:\/\/tvbelas.com\/tvbelas\/wp-json\/wp\/v2\/posts\/12956\/revisions"}],"wp:featuredmedia":[{"embeddable":true,"href":"https:\/\/tvbelas.com\/tvbelas\/wp-json\/"}],"wp:attachment":[{"href":"https:\/\/tvbelas.com\/tvbelas\/wp-json\/wp\/v2\/media?parent=12956"}],"wp:term":[{"taxonomy":"category","embeddable":true,"href":"https:\/\/tvbelas.com\/tvbelas\/wp-json\/wp\/v2\/categories?post=12956"},{"taxonomy":"post_tag","embeddable":true,"href":"https:\/\/tvbelas.com\/tvbelas\/wp-json\/wp\/v2\/tags?post=12956"}],"curies":[{"name":"wp","href":"https:\/\/api.w.org\/{rel}","templated":true}]}}