{"id":13002,"date":"2021-02-13T15:42:09","date_gmt":"2021-02-13T14:42:09","guid":{"rendered":"http:\/\/tvbelas.com\/tvbelas\/?p=3676"},"modified":"2021-02-13T15:42:09","modified_gmt":"2021-02-13T14:42:09","slug":"sao-valentim-e-recorado-neste-domingo-em-todo-mundo-em-tempo-de-pandemia-2","status":"publish","type":"post","link":"https:\/\/tvbelas.com\/tvbelas\/noticias\/sociedade\/sao-valentim-e-recorado-neste-domingo-em-todo-mundo-em-tempo-de-pandemia-2\/","title":{"rendered":"S\u00c3O VALENTIM \u00c9 RECORADO NESTE  DOMINGO EM  TODO MUNDO EM TEMPO DE PANDEMIA"},"content":{"rendered":"<p>14 de fevereiro dia do S\u00e3o Valentim<\/p>\n<p>S\u00e3o Valentim conhecido tamb\u00e9m como dia dos namorados \u00e9 comemorado todos os anos no dia 14 de fevereiro deste vez ser\u00e1 num domingo.<\/p>\n<p>S\u00e3o Valentim \u00e9 um santo reconhecido pela Igreja Cat\u00f3lica e pelas Igrejas Orientais que d\u00e1 nome ao \u00abdia dos namorados\u00bb em muitos pa\u00edses, onde o celebram como \u00abdia de S\u00e3o Valentim\u00bb. O nome refere-se a pelo menos tr\u00eas santos martirizados na Roma antiga.<\/p>\n<p>O imperador Cl\u00e1udio II, durante seu governo, proibiu a realiza\u00e7\u00e3o de casamentos em seu reino, com o objetivo de formar um grande e poderoso ex\u00e9rcito. Cl\u00e1udio acreditava que os jovens, que n\u00e3o tivessem fam\u00edlia, ou esposa, iam alistar-se com maior facilidade.<\/p>\n<p>No entanto, um bispo romano continuou a celebrar casamentos, mesmo com a proibi\u00e7\u00e3o do imperador. O seu nome era Valentim e as suas cerim\u00f4nias eram realizadas em segredo.<\/p>\n<p>A pr\u00e1tica foi descoberta e Valentim foi preso e condenado \u00e0 morte. Enquanto estava preso, muitos jovens atiravam flores e bilhetes dizendo que os jovens ainda acreditavam no amor. Entre as pessoas que jogaram mensagens ao bispo estava uma jovem cega, Art\u00e9rias, filha do carcereiro, a qual conseguiu a permiss\u00e3o do pai para visitar Valentim.<\/p>\n<p>Os dois acabaram apaixonando-se e, milagrosamente, a jovem recuperou a vis\u00e3o. O bispo chegou a escrever uma carta de amor para a jovem com a seguinte assinatura: \u201cde seu Valentim\u201d, express\u00e3o ainda hoje utilizada. Valentim, depois da condena\u00e7\u00e3o de morte, foi decapitado em 14 de fevereiro de 270.<\/p>\n<p>De real\u00e7ar que desde 1969 sua data n\u00e3o \u00e9 mais celebrada oficialmente pela Igreja Cat\u00f3lica em fun\u00e7\u00e3o da precariedade de comprova\u00e7\u00f5es hist\u00f3ricas.<\/p>\n","protected":false},"excerpt":{"rendered":"<p>14 de fevereiro dia do S\u00e3o Valentim S\u00e3o Valentim conhecido tamb\u00e9m como dia dos namorados \u00e9 comemorado todos os anos no dia 14 de fevereiro deste vez ser\u00e1 num domingo. S\u00e3o Valentim \u00e9 um santo reconhecido pela Igreja Cat\u00f3lica e pelas Igrejas Orientais que d\u00e1 nome ao \u00abdia dos namorados\u00bb em muitos pa\u00edses, onde o [&hellip;]<\/p>\n","protected":false},"author":1,"featured_media":3678,"comment_status":"open","ping_status":"open","sticky":false,"template":"","format":"standard","meta":{"footnotes":""},"categories":[15],"tags":[],"class_list":{"0":"post-13002","1":"post","2":"type-post","3":"status-publish","4":"format-standard","5":"has-post-thumbnail","7":"category-sociedade"},"amp_enabled":true,"_links":{"self":[{"href":"https:\/\/tvbelas.com\/tvbelas\/wp-json\/wp\/v2\/posts\/13002","targetHints":{"allow":["GET"]}}],"collection":[{"href":"https:\/\/tvbelas.com\/tvbelas\/wp-json\/wp\/v2\/posts"}],"about":[{"href":"https:\/\/tvbelas.com\/tvbelas\/wp-json\/wp\/v2\/types\/post"}],"author":[{"embeddable":true,"href":"https:\/\/tvbelas.com\/tvbelas\/wp-json\/wp\/v2\/users\/1"}],"replies":[{"embeddable":true,"href":"https:\/\/tvbelas.com\/tvbelas\/wp-json\/wp\/v2\/comments?post=13002"}],"version-history":[{"count":0,"href":"https:\/\/tvbelas.com\/tvbelas\/wp-json\/wp\/v2\/posts\/13002\/revisions"}],"wp:featuredmedia":[{"embeddable":true,"href":"https:\/\/tvbelas.com\/tvbelas\/wp-json\/"}],"wp:attachment":[{"href":"https:\/\/tvbelas.com\/tvbelas\/wp-json\/wp\/v2\/media?parent=13002"}],"wp:term":[{"taxonomy":"category","embeddable":true,"href":"https:\/\/tvbelas.com\/tvbelas\/wp-json\/wp\/v2\/categories?post=13002"},{"taxonomy":"post_tag","embeddable":true,"href":"https:\/\/tvbelas.com\/tvbelas\/wp-json\/wp\/v2\/tags?post=13002"}],"curies":[{"name":"wp","href":"https:\/\/api.w.org\/{rel}","templated":true}]}}