{"id":13004,"date":"2021-02-19T11:26:50","date_gmt":"2021-02-19T10:26:50","guid":{"rendered":"http:\/\/tvbelas.com\/tvbelas\/?p=3722"},"modified":"2021-02-19T11:26:50","modified_gmt":"2021-02-19T10:26:50","slug":"grande-reportagem-da-tv-belas-capitulo-2-a-verdade-sempre-aparece-2","status":"publish","type":"post","link":"https:\/\/tvbelas.com\/tvbelas\/noticias\/politica-angola\/grande-reportagem-da-tv-belas-capitulo-2-a-verdade-sempre-aparece-2\/","title":{"rendered":"Grande reportagem da Tv Belas: capitulo 2 (A VERDADE SEMPRE APARECE)&#8230;"},"content":{"rendered":"<p><span class=\"style-scope yt-formatted-string\" dir=\"auto\">Grande reportagem da Tv Belas: capitulo 2 (A VERDADE SEMPRE APARECE)&#8230;<\/span><\/p>\n<p><span class=\"style-scope yt-formatted-string\" dir=\"auto\"> O esc\u00e2ndalo financeiro, n\u00e3o est\u00e1 apenas na imobili\u00e1ria, petr\u00f3leo, desta vez atingiu a Associa\u00e7\u00e3o de Apoio aos Antigos Combatentes das ex-FAPLA (ASCOFA)&#8230; <\/span><\/p>\n<p><a class=\"yt-simple-endpoint style-scope yt-formatted-string\" dir=\"auto\" spellcheck=\"false\" href=\"https:\/\/www.youtube.com\/hashtag\/tvbelas\">#TVBELAS\u200b<\/a><span class=\"style-scope yt-formatted-string\" dir=\"auto\">\u200b<\/span><span class=\"style-scope yt-formatted-string\" dir=\"auto\"> teve acesso a mas de 50 Documentos em exclusivo que p\u00f5e em causa a lideran\u00e7a do ent\u00e3o presidente da ASCOFA Fernando Ant\u00f3nio Samora. Os veteranos da p\u00e1tria acusam Ant\u00f3nio Samora de ter se apropriado de bens provenientes do Instituto de Reintegra\u00e7\u00e3o Social dos Ex-militares (IRSEM), de falsifica\u00e7\u00e3o de documentos, bem como de apropria\u00e7\u00e3o da dota\u00e7\u00e3o or\u00e7amental proveniente do minist\u00e9rio dos Antigos Combatentes e Veteranos da P\u00e1tria destinados aos pagamentos de subs\u00eddios dos ex-militares.<\/span><\/p>\n<p><span class=\"style-scope yt-formatted-string\" dir=\"auto\"> Os veteranos da p\u00e1tria acusam Ant\u00f3nio Samora de ser o Falso Brigadeiro, que o mesmo \u00e9 capit\u00e3o na reserva revalam os associados afetos ASCOFA A Procuradoria Geral da Rep\u00fablica j\u00e1 est\u00e1 a acompanhar o caso h\u00e1 dois anos, garantiu-nos uma fonte da PGR que pediu anonimato.<\/span><\/p>\n<p><span class=\"style-scope yt-formatted-string\" dir=\"auto\"> Subescreva o nosso canal do Youtube E viste o site: www.tvbelas.com<\/span><\/p>\n","protected":false},"excerpt":{"rendered":"<p>Grande reportagem da Tv Belas: capitulo 2 (A VERDADE SEMPRE APARECE)&#8230; O esc\u00e2ndalo financeiro, n\u00e3o est\u00e1 apenas na imobili\u00e1ria, petr\u00f3leo, desta vez atingiu a Associa\u00e7\u00e3o de Apoio aos Antigos Combatentes das ex-FAPLA (ASCOFA)&#8230; #TVBELAS\u200b\u200b teve acesso a mas de 50 Documentos em exclusivo que p\u00f5e em causa a lideran\u00e7a do ent\u00e3o presidente da ASCOFA Fernando [&hellip;]<\/p>\n","protected":false},"author":1,"featured_media":3724,"comment_status":"open","ping_status":"open","sticky":false,"template":"","format":"standard","meta":{"footnotes":""},"categories":[12],"tags":[],"class_list":{"0":"post-13004","1":"post","2":"type-post","3":"status-publish","4":"format-standard","5":"has-post-thumbnail","7":"category-politica-angola"},"amp_enabled":true,"_links":{"self":[{"href":"https:\/\/tvbelas.com\/tvbelas\/wp-json\/wp\/v2\/posts\/13004","targetHints":{"allow":["GET"]}}],"collection":[{"href":"https:\/\/tvbelas.com\/tvbelas\/wp-json\/wp\/v2\/posts"}],"about":[{"href":"https:\/\/tvbelas.com\/tvbelas\/wp-json\/wp\/v2\/types\/post"}],"author":[{"embeddable":true,"href":"https:\/\/tvbelas.com\/tvbelas\/wp-json\/wp\/v2\/users\/1"}],"replies":[{"embeddable":true,"href":"https:\/\/tvbelas.com\/tvbelas\/wp-json\/wp\/v2\/comments?post=13004"}],"version-history":[{"count":0,"href":"https:\/\/tvbelas.com\/tvbelas\/wp-json\/wp\/v2\/posts\/13004\/revisions"}],"wp:featuredmedia":[{"embeddable":true,"href":"https:\/\/tvbelas.com\/tvbelas\/wp-json\/"}],"wp:attachment":[{"href":"https:\/\/tvbelas.com\/tvbelas\/wp-json\/wp\/v2\/media?parent=13004"}],"wp:term":[{"taxonomy":"category","embeddable":true,"href":"https:\/\/tvbelas.com\/tvbelas\/wp-json\/wp\/v2\/categories?post=13004"},{"taxonomy":"post_tag","embeddable":true,"href":"https:\/\/tvbelas.com\/tvbelas\/wp-json\/wp\/v2\/tags?post=13004"}],"curies":[{"name":"wp","href":"https:\/\/api.w.org\/{rel}","templated":true}]}}