{"id":13021,"date":"2021-03-29T20:58:32","date_gmt":"2021-03-29T19:58:32","guid":{"rendered":"http:\/\/tvbelas.com\/tvbelas\/?p=4242"},"modified":"2021-03-29T20:58:32","modified_gmt":"2021-03-29T19:58:32","slug":"isabel-dos-santos-diz-ter-gravacoes-que-provam-conspiracao-de-joao-lourenco-para-a-destruir-2","status":"publish","type":"post","link":"https:\/\/tvbelas.com\/tvbelas\/noticias\/politica-angola\/isabel-dos-santos-diz-ter-gravacoes-que-provam-conspiracao-de-joao-lourenco-para-a-destruir-2\/","title":{"rendered":"Isabel dos Santos diz ter grava\u00e7\u00f5es que provam conspira\u00e7\u00e3o de Jo\u00e3o Louren\u00e7o para a destruir"},"content":{"rendered":"<div align=\"left\">\n<p dir=\"ltr\">A empres\u00e1ria angolana Isabel dos Santos disse a um tribunal de Londres que o Presidente Jo\u00e3o Louren\u00e7o est\u00e1 envolvido numa \u201cvingan\u00e7a privada\u201d que visa destruir as suas empresas e afirmou possuir grava\u00e7\u00f5es secretas que provam isso.<\/p>\n<p dir=\"ltr\">A acusa\u00e7\u00e3o da filha do ex-Presidente angolano Eduardo dos Santos \u00e9 feita em resposta a uma ac\u00e7\u00e3o da companhia de telecomunica\u00e7\u00f5es Unitel que exige \u00e0 empres\u00e1ria o pagamento de uma d\u00edvida de mais de 400 milh\u00f5es de d\u00f3lares.<\/p>\n<div align=\"left\">\n<p dir=\"ltr\">Na declara\u00e7\u00e3o entregue ao tribunal, a empres\u00e1ria alega que as centenas de documentos recentemente publicados revelando neg\u00f3cios da empres\u00e1ria e do\u00a0<a href=\"https:\/\/www.voaportugues.com\/a\/morreu-sindika-dokolo-marido-de-isabel-dos-santos\/5640885.html\">seu falecido marido<\/a>\u00a0com fundos de companhias estatais angolanas foram obtidos atrav\u00e9s de um ataque cibern\u00e9tico dos servi\u00e7os secretos angolanos e ilegalmente para justificar a confisca\u00e7\u00e3o dos seus bens.<\/p>\n<\/div>\n<div align=\"left\">\n<p dir=\"ltr\">Segundo a declara\u00e7\u00e3o apresentada ao tribunal, Isabel dos Santos alega possuir grava\u00e7\u00f5es de conversas da actual lideran\u00e7a angolana em que Jo\u00e3o Louren\u00e7o ordena o lan\u00e7amento de uma campanha de \u201cmarketing pol\u00edtico\u201d e ac\u00e7\u00f5es em tribunal para desmantelar o seu controlo de v\u00e1rias empresas.<\/p>\n<\/div>\n<div align=\"left\">\n<p dir=\"ltr\">As grava\u00e7\u00f5es teriam sido feitas por uma companhia privada de seguran\u00e7a israelita, Black Dice, formada por antigos membros da Mossad, os servi\u00e7os de espionagem israelita.<\/p>\n<\/div>\n<\/div>\n","protected":false},"excerpt":{"rendered":"<p>A empres\u00e1ria angolana Isabel dos Santos disse a um tribunal de Londres que o Presidente Jo\u00e3o Louren\u00e7o est\u00e1 envolvido numa \u201cvingan\u00e7a privada\u201d que visa destruir as suas empresas e afirmou possuir grava\u00e7\u00f5es secretas que provam isso. A acusa\u00e7\u00e3o da filha do ex-Presidente angolano Eduardo dos Santos \u00e9 feita em resposta a uma ac\u00e7\u00e3o da companhia [&hellip;]<\/p>\n","protected":false},"author":1,"featured_media":4244,"comment_status":"open","ping_status":"open","sticky":false,"template":"","format":"standard","meta":{"footnotes":""},"categories":[12],"tags":[],"class_list":{"0":"post-13021","1":"post","2":"type-post","3":"status-publish","4":"format-standard","5":"has-post-thumbnail","7":"category-politica-angola"},"amp_enabled":true,"_links":{"self":[{"href":"https:\/\/tvbelas.com\/tvbelas\/wp-json\/wp\/v2\/posts\/13021","targetHints":{"allow":["GET"]}}],"collection":[{"href":"https:\/\/tvbelas.com\/tvbelas\/wp-json\/wp\/v2\/posts"}],"about":[{"href":"https:\/\/tvbelas.com\/tvbelas\/wp-json\/wp\/v2\/types\/post"}],"author":[{"embeddable":true,"href":"https:\/\/tvbelas.com\/tvbelas\/wp-json\/wp\/v2\/users\/1"}],"replies":[{"embeddable":true,"href":"https:\/\/tvbelas.com\/tvbelas\/wp-json\/wp\/v2\/comments?post=13021"}],"version-history":[{"count":0,"href":"https:\/\/tvbelas.com\/tvbelas\/wp-json\/wp\/v2\/posts\/13021\/revisions"}],"wp:featuredmedia":[{"embeddable":true,"href":"https:\/\/tvbelas.com\/tvbelas\/wp-json\/"}],"wp:attachment":[{"href":"https:\/\/tvbelas.com\/tvbelas\/wp-json\/wp\/v2\/media?parent=13021"}],"wp:term":[{"taxonomy":"category","embeddable":true,"href":"https:\/\/tvbelas.com\/tvbelas\/wp-json\/wp\/v2\/categories?post=13021"},{"taxonomy":"post_tag","embeddable":true,"href":"https:\/\/tvbelas.com\/tvbelas\/wp-json\/wp\/v2\/tags?post=13021"}],"curies":[{"name":"wp","href":"https:\/\/api.w.org\/{rel}","templated":true}]}}