{"id":13033,"date":"2021-04-09T20:40:15","date_gmt":"2021-04-09T19:40:15","guid":{"rendered":"http:\/\/tvbelas.com\/tvbelas\/?p=4496"},"modified":"2021-04-09T20:40:15","modified_gmt":"2021-04-09T19:40:15","slug":"addy-buxexa-nao-violei-ninguem-nao-abusei-sexualmente-e-nao-assediei-menores-2","status":"publish","type":"post","link":"https:\/\/tvbelas.com\/tvbelas\/programa\/entretenimento\/addy-buxexa-nao-violei-ninguem-nao-abusei-sexualmente-e-nao-assediei-menores-2\/","title":{"rendered":"Addy Buxexa, N\u00e3o violei ningu\u00e9m, n\u00e3o abusei sexualmente e n\u00e3o assediei menores."},"content":{"rendered":"<p>Venho pronunciar-me oficialmente sobre o tema que tem circulado nas redes sociais, grupos de whatsapp e alguns supostos portais de not\u00edcias e websites de entretenimento.<\/p>\n<p>Come\u00e7o por dizer que sou humano, tenho defeitos e qualidades como qualquer um de voc\u00eas. Nunca fui perfeito, j\u00e1 cometi erros. Sempre, em todas as pol\u00e9micas, difama\u00e7\u00f5es, ataques de \u00f3dio ou inveja, dei a minha cara.<br \/>\nSempre fui mais emo\u00e7\u00e3o do que raz\u00e3o e tenho pago o pre\u00e7o disso. Sou consciente de que muitas vezes os meus exemplos n\u00e3o s\u00e3o os melhores e nos \u00faltimos anos tenho-me esfor\u00e7ado muito para mudar isso.<\/p>\n<p>Tenho sido atacado e difamado infinitamente nos \u00faltimos dias e foi nessa perspectiva que fiz, sem pensar e sem consultar nenhuma das equipas com quem trabalho, um live infeliz. Assuntos s\u00e9rios devem ser tratados com seriedade e deixei transportar a leveza e divers\u00e3o que me caracterizam para um assunto que nada tem de leve ou divertido. Pe\u00e7o a todos as minhas mais sinceras desculpas.<br \/>\nN\u00e3o violei ningu\u00e9m, n\u00e3o abusei sexualmente e n\u00e3o assediei menores. Pe\u00e7o a quem tenha alguma queixa a apresentar contra mim, se dirija \u00e0s autoridades competentes, apresente queixa formal e permita, assim, que o processo possa ser alvo de investiga\u00e7\u00e3o.<\/p>\n<p>Apelo tamb\u00e9m a todos os que acreditam, incentivam e partilham as alegadas mensagens a terem consci\u00eancia que \u201cFake News\u201d, embora ainda sem legisla\u00e7\u00e3o criminal, \u00e9 moralmente conden\u00e1vel. Tenho a minha consci\u00eancia tranquila e consciente do que fiz e n\u00e3o fiz e preocupa-me que haja um assunto t\u00e3o s\u00e9rio a ser banalizado em prol de um ataque pessoal.<br \/>\nInfelizmente, n\u00e3o h\u00e1 uma \u00fanica cara por detr\u00e1s das acusa\u00e7\u00f5es que me fazem, por isso n\u00e3o posso apresentar queixa por difama\u00e7\u00e3o, inj\u00faria ou cal\u00fania.<\/p>\n<p>Sou filho, irm\u00e3o e pai. J\u00e1 fui crian\u00e7a e adolescente. Hoje, sou totalmente consciente dos meus actos e das suas consequ\u00eancias. Limito-me a dar-vos o meu ponto de vista e o meu direito de resposta. Espero que nunca nenhum de voc\u00eas passe pelo que eu estou a passar, numa situa\u00e7\u00e3o que traz estragos emocionais, familiares, profissionais, p\u00fablicos e privados.<\/p>\n","protected":false},"excerpt":{"rendered":"<p>Venho pronunciar-me oficialmente sobre o tema que tem circulado nas redes sociais, grupos de whatsapp e alguns supostos portais de not\u00edcias e websites de entretenimento. Come\u00e7o por dizer que sou humano, tenho defeitos e qualidades como qualquer um de voc\u00eas. Nunca fui perfeito, j\u00e1 cometi erros. Sempre, em todas as pol\u00e9micas, difama\u00e7\u00f5es, ataques de \u00f3dio [&hellip;]<\/p>\n","protected":false},"author":1,"featured_media":4498,"comment_status":"open","ping_status":"open","sticky":false,"template":"","format":"standard","meta":{"footnotes":""},"categories":[21],"tags":[],"class_list":{"0":"post-13033","1":"post","2":"type-post","3":"status-publish","4":"format-standard","5":"has-post-thumbnail","7":"category-entretenimento"},"amp_enabled":true,"_links":{"self":[{"href":"https:\/\/tvbelas.com\/tvbelas\/wp-json\/wp\/v2\/posts\/13033","targetHints":{"allow":["GET"]}}],"collection":[{"href":"https:\/\/tvbelas.com\/tvbelas\/wp-json\/wp\/v2\/posts"}],"about":[{"href":"https:\/\/tvbelas.com\/tvbelas\/wp-json\/wp\/v2\/types\/post"}],"author":[{"embeddable":true,"href":"https:\/\/tvbelas.com\/tvbelas\/wp-json\/wp\/v2\/users\/1"}],"replies":[{"embeddable":true,"href":"https:\/\/tvbelas.com\/tvbelas\/wp-json\/wp\/v2\/comments?post=13033"}],"version-history":[{"count":0,"href":"https:\/\/tvbelas.com\/tvbelas\/wp-json\/wp\/v2\/posts\/13033\/revisions"}],"wp:featuredmedia":[{"embeddable":true,"href":"https:\/\/tvbelas.com\/tvbelas\/wp-json\/"}],"wp:attachment":[{"href":"https:\/\/tvbelas.com\/tvbelas\/wp-json\/wp\/v2\/media?parent=13033"}],"wp:term":[{"taxonomy":"category","embeddable":true,"href":"https:\/\/tvbelas.com\/tvbelas\/wp-json\/wp\/v2\/categories?post=13033"},{"taxonomy":"post_tag","embeddable":true,"href":"https:\/\/tvbelas.com\/tvbelas\/wp-json\/wp\/v2\/tags?post=13033"}],"curies":[{"name":"wp","href":"https:\/\/api.w.org\/{rel}","templated":true}]}}