{"id":13034,"date":"2021-04-09T21:07:25","date_gmt":"2021-04-09T20:07:25","guid":{"rendered":"http:\/\/tvbelas.com\/tvbelas\/?p=4507"},"modified":"2021-04-09T21:07:25","modified_gmt":"2021-04-09T20:07:25","slug":"arbitro-do-el-classico-real-madrid-barceona-substituido-por-se-ter-lesionado-na-vespera-do-jogao-deste-sabado-2","status":"publish","type":"post","link":"https:\/\/tvbelas.com\/tvbelas\/noticias\/desporto\/arbitro-do-el-classico-real-madrid-barceona-substituido-por-se-ter-lesionado-na-vespera-do-jogao-deste-sabado-2\/","title":{"rendered":"\u00c1RBITRO DO EL CLASSICO REAL MADRID BARCEONA SUBSTITUIDO POR SE TER LESIONADO NA V\u00c9SPERA DO JOG\u00c3O DESTE S\u00c1BADO."},"content":{"rendered":"<p>Mais uma vez o Mundo desportivo vai parar para ver Real Madrid -Barcelona o apelidado \u201cEl cl\u00e1ssico\u201d. Entretanto o Comit\u00e9 de Arbitragem espanhol anunciou, esta sexta-feira, a troca do \u00e1rbitro nomeado para dirigir o jogo entre Real Madrid e Barcelona, agendado para s\u00e1bado (20 horas em Angola), no est\u00e1dio Alfredo di St\u00e9fano, referente \u00e0 30.\u00aa jornada da LaLiga.<\/p>\n<p>Mateu Lahoz, o \u00e1rbitro inicialmente designado, est\u00e1 a contas com les\u00e3o muscular impeditiva de dirigir o cl\u00e1ssico. Para o seu lugar foi nomeado Jes\u00fas Gil Manzano.<br \/>\nNo primeiro encontro da \u00e9poca, o Real Madrid levou a melhor ao vencer em Camp Nou, na s\u00e9tima jornada, por 3-1.<\/p>\n<p>RESUMO DOS JOGOS REAL MADRID BARCELONA POR COMPETI\u00c7\u00c3O<br \/>\nRESUMO POR COMPETI\u00c7\u00c3O<br \/>\nJOGOS<br \/>\nREAL MADRID EMPATES<br \/>\nBARCELONA<br \/>\nTotal 245 97 (40%) 52 (21%) 96 (39%)<br \/>\nLiga Espanhola 181 74 (41%) 35 (19%) 72 (40%)<br \/>\nLiga dos Campe\u00f5es 8 3 (38%) 3 (38%) 2 (25%)<br \/>\nCopa del Rey 35 12 (34%) 8 (23%) 15 (43%)<br \/>\nSupercopa da Espanha 14 8 (57%) 2 (14%) 4 (29%)<br \/>\nCopa de la Liga 6 0 (0%) 4 (67%) 2 (33%)<br \/>\nCopa de la Coronaci\u00f3n 1 0 (0%) 0 (0%) 1 (100%)<\/p>\n<p>REAL MADRID EM CASA JOGOS<br \/>\nREAL MADRID EMPATES<br \/>\nBARCELONA<br \/>\nTotal 122 67 (55%) 25 (20%) 30 (25%)<br \/>\nLiga Espanhola 90 53 (59%) 15 (17%) 22 (24%)<br \/>\nLiga dos Campe\u00f5es 4 1 (25%) 2 (50%) 1 (25%)<br \/>\nCopa del Rey 17 7 (41%) 5 (29%) 5 (29%)<br \/>\nSupercopa da Espanha 7 6 (86%) 1 (14%) 0 (0%)<br \/>\nCopa de la Liga 3 0 (0%) 2 (67%) 1 (33%)<br \/>\nCopa de la Coronaci\u00f3n 1 0 (0%) 0 (0%) 1 (100%)<\/p>\n<p>Barcelona (2.\u00ba) e Real Madrid (3.\u00ba) est\u00e3o separados por dois pontos na classifica\u00e7\u00e3o da liga espanhola: 65 para os blaugrana, 63 para os merengues.<br \/>\nO Atl\u00e9tico Madrid que segue na lideran\u00e7a, com 66 pontos, n\u00e3o vai poder contar com o lesionado Luis Suarez, o seu melhor marcador na visita de domingo ao terreno do B\u00e9tis, depois de na semana passada ter sido derrotado, tamb\u00e9m na capital andaluz, pelo Sevilha.<\/p>\n","protected":false},"excerpt":{"rendered":"<p>Mais uma vez o Mundo desportivo vai parar para ver Real Madrid -Barcelona o apelidado \u201cEl cl\u00e1ssico\u201d. Entretanto o Comit\u00e9 de Arbitragem espanhol anunciou, esta sexta-feira, a troca do \u00e1rbitro nomeado para dirigir o jogo entre Real Madrid e Barcelona, agendado para s\u00e1bado (20 horas em Angola), no est\u00e1dio Alfredo di St\u00e9fano, referente \u00e0 30.\u00aa [&hellip;]<\/p>\n","protected":false},"author":1,"featured_media":4509,"comment_status":"open","ping_status":"open","sticky":false,"template":"","format":"standard","meta":{"footnotes":""},"categories":[19],"tags":[],"class_list":{"0":"post-13034","1":"post","2":"type-post","3":"status-publish","4":"format-standard","5":"has-post-thumbnail","7":"category-desporto"},"amp_enabled":true,"_links":{"self":[{"href":"https:\/\/tvbelas.com\/tvbelas\/wp-json\/wp\/v2\/posts\/13034","targetHints":{"allow":["GET"]}}],"collection":[{"href":"https:\/\/tvbelas.com\/tvbelas\/wp-json\/wp\/v2\/posts"}],"about":[{"href":"https:\/\/tvbelas.com\/tvbelas\/wp-json\/wp\/v2\/types\/post"}],"author":[{"embeddable":true,"href":"https:\/\/tvbelas.com\/tvbelas\/wp-json\/wp\/v2\/users\/1"}],"replies":[{"embeddable":true,"href":"https:\/\/tvbelas.com\/tvbelas\/wp-json\/wp\/v2\/comments?post=13034"}],"version-history":[{"count":0,"href":"https:\/\/tvbelas.com\/tvbelas\/wp-json\/wp\/v2\/posts\/13034\/revisions"}],"wp:featuredmedia":[{"embeddable":true,"href":"https:\/\/tvbelas.com\/tvbelas\/wp-json\/"}],"wp:attachment":[{"href":"https:\/\/tvbelas.com\/tvbelas\/wp-json\/wp\/v2\/media?parent=13034"}],"wp:term":[{"taxonomy":"category","embeddable":true,"href":"https:\/\/tvbelas.com\/tvbelas\/wp-json\/wp\/v2\/categories?post=13034"},{"taxonomy":"post_tag","embeddable":true,"href":"https:\/\/tvbelas.com\/tvbelas\/wp-json\/wp\/v2\/tags?post=13034"}],"curies":[{"name":"wp","href":"https:\/\/api.w.org\/{rel}","templated":true}]}}