{"id":13050,"date":"2021-04-18T21:09:50","date_gmt":"2021-04-18T20:09:50","guid":{"rendered":"http:\/\/tvbelas.com\/tvbelas\/?p=4761"},"modified":"2021-04-18T21:09:50","modified_gmt":"2021-04-18T20:09:50","slug":"mantorras-assume-desejo-um-dia-vou-ser-presidente-da-faf-2","status":"publish","type":"post","link":"https:\/\/tvbelas.com\/tvbelas\/noticias\/desporto\/mantorras-assume-desejo-um-dia-vou-ser-presidente-da-faf-2\/","title":{"rendered":"MANTORRAS ASSUME DESEJO: \u00abUM DIA VOU SER PRESIDENTE DA FAF."},"content":{"rendered":"<p>Em uma entrevista concedida a Record Portugal, o antigo atacante pelos Palancas Negras , Pedro Mantorras , revelou o seu desejo em assumir o cadeir\u00e3o m\u00e1ximo da federa\u00e7\u00e3o Angolana de Futebol, pelo que considera lastim\u00e1vel o n\u00edvel de futebol praticado pela atual sele\u00e7\u00e3o nacional.<\/p>\n<p>&#8220;[&#8230;]Um dia vou ser presidente da Federa\u00e7\u00e3o Angolana&#8221;<br \/>\n&#8220;[&#8230;]\u00c9 uma l\u00e1stima ver jogar a sele\u00e7\u00e3o do meu pa\u00eds&#8221;<br \/>\nPedro Mantorras iniciou a sua carreira de jogador de futebol profissional em Angola, no Progresso do Sambizanga, antes de seguir para Europa, onde estagiou no Barcelona (Espanha), antes de partir para Portugal, tendo representado o Alverca e o Sport Lisboa e Benfica.<br \/>\nNo primeiro ano de \u201c\u00c1guia ao peito\u201d, o angolano teve a sua melhor temporada no est\u00e1dio da Luz, recebendo propostas dos grandes da Europa, como foram os casos do Barcelona, Inter de Mil\u00e3o, AC Milan, entre outros.<br \/>\nNo entanto, o avan\u00e7ado sofreu uma les\u00e3o no joelho direito num jogo diante do Sporting, e, mesmo com a cirurgia, passou a jogar limitado.<br \/>\nNo in\u00edcio de 2011, depois de 10 anos ao servi\u00e7o das \u201c\u00c1guias\u201d e com quatro opera\u00e7\u00f5es j\u00e1 realizadas ao joelho, Mantorras decidiu que chegara o tempo de parar de lutar contra o sofrimento\u201d, anunciando o fim da carreira como jogador.<\/p>\n","protected":false},"excerpt":{"rendered":"<p>Em uma entrevista concedida a Record Portugal, o antigo atacante pelos Palancas Negras , Pedro Mantorras , revelou o seu desejo em assumir o cadeir\u00e3o m\u00e1ximo da federa\u00e7\u00e3o Angolana de Futebol, pelo que considera lastim\u00e1vel o n\u00edvel de futebol praticado pela atual sele\u00e7\u00e3o nacional. &#8220;[&#8230;]Um dia vou ser presidente da Federa\u00e7\u00e3o Angolana&#8221; &#8220;[&#8230;]\u00c9 uma l\u00e1stima [&hellip;]<\/p>\n","protected":false},"author":1,"featured_media":4763,"comment_status":"open","ping_status":"open","sticky":false,"template":"","format":"standard","meta":{"footnotes":""},"categories":[19],"tags":[],"class_list":{"0":"post-13050","1":"post","2":"type-post","3":"status-publish","4":"format-standard","5":"has-post-thumbnail","7":"category-desporto"},"amp_enabled":true,"_links":{"self":[{"href":"https:\/\/tvbelas.com\/tvbelas\/wp-json\/wp\/v2\/posts\/13050","targetHints":{"allow":["GET"]}}],"collection":[{"href":"https:\/\/tvbelas.com\/tvbelas\/wp-json\/wp\/v2\/posts"}],"about":[{"href":"https:\/\/tvbelas.com\/tvbelas\/wp-json\/wp\/v2\/types\/post"}],"author":[{"embeddable":true,"href":"https:\/\/tvbelas.com\/tvbelas\/wp-json\/wp\/v2\/users\/1"}],"replies":[{"embeddable":true,"href":"https:\/\/tvbelas.com\/tvbelas\/wp-json\/wp\/v2\/comments?post=13050"}],"version-history":[{"count":0,"href":"https:\/\/tvbelas.com\/tvbelas\/wp-json\/wp\/v2\/posts\/13050\/revisions"}],"wp:featuredmedia":[{"embeddable":true,"href":"https:\/\/tvbelas.com\/tvbelas\/wp-json\/"}],"wp:attachment":[{"href":"https:\/\/tvbelas.com\/tvbelas\/wp-json\/wp\/v2\/media?parent=13050"}],"wp:term":[{"taxonomy":"category","embeddable":true,"href":"https:\/\/tvbelas.com\/tvbelas\/wp-json\/wp\/v2\/categories?post=13050"},{"taxonomy":"post_tag","embeddable":true,"href":"https:\/\/tvbelas.com\/tvbelas\/wp-json\/wp\/v2\/tags?post=13050"}],"curies":[{"name":"wp","href":"https:\/\/api.w.org\/{rel}","templated":true}]}}