{"id":13052,"date":"2021-04-18T21:28:17","date_gmt":"2021-04-18T20:28:17","guid":{"rendered":"http:\/\/tvbelas.com\/tvbelas\/?p=4775"},"modified":"2021-04-18T21:28:17","modified_gmt":"2021-04-18T20:28:17","slug":"uefa-ameaca-que-excluira-todos-os-clubes-que-participarem-da-super-liga-europeia-2","status":"publish","type":"post","link":"https:\/\/tvbelas.com\/tvbelas\/noticias\/desporto\/uefa-ameaca-que-excluira-todos-os-clubes-que-participarem-da-super-liga-europeia-2\/","title":{"rendered":"UEFA AMEA\u00c7A QUE EXCLUIR\u00c1 TODOS OS CLUBES QUE PARTICIPAREM DA SUPER LIGA EUROPEIA."},"content":{"rendered":"<p>Organismo que tutela o futebol europeu promete lutar &#8220;com todas as medidas necess\u00e1rias&#8221; para acabar com um projeto que classifica como &#8220;c\u00ednico&#8221;.<br \/>\nUEFA reafirmou este domingo que excluir\u00e1 os clubes que integrem uma eventual Superliga europeia de futebol, e que tomar\u00e1 &#8220;todas as medidas necess\u00e1rias, a n\u00edvel judicial e desportivo&#8221; para inviabilizar a cria\u00e7\u00e3o de um &#8220;projeto c\u00ednico&#8221;.<br \/>\nA UEFA disse contar com o apoio das federa\u00e7\u00f5es de Inglaterra, Espanha e It\u00e1lia, bem como das ligas de futebol destes tr\u00eas pa\u00edses, para combater a cria\u00e7\u00e3o da Superliga europeia, depois de &#8220;ter tomado conhecimento que alguns clubes ingleses, espanh\u00f3is e italianos poder\u00e3o estar a planear&#8221; o seu desenvolvimento.<br \/>\n&#8220;Tal como j\u00e1 foi anunciado pela UEFA e por aqueles seis organismos, informamos que os clubes envolvidos ser\u00e3o impedidos de disputar qualquer outra competi\u00e7\u00e3o, a n\u00edvel nacional, europeu e mundial e os seus jogadores n\u00e3o poder\u00e3o representar as respetivas sele\u00e7\u00f5es nacionais&#8221;, informou a UEFA, em comunicado.<br \/>\nO organismo regulador do futebol europeu assinalou que unir\u00e1 esfor\u00e7os com as federa\u00e7\u00f5es e ligas de tr\u00eas das maiores pot\u00eancias da modalidade para &#8220;travar este projeto c\u00ednico, que \u00e9 fundado no ego\u00edsmo de alguns clubes, numa altura em que a sociedade precisa mais do que nunca de solidariedade&#8221;.<br \/>\n&#8220;Tomaremos todas as medidas necess\u00e1rias, a n\u00edvel judicial e desportivo, para impedir que isso aconte\u00e7a. O futebol \u00e9 alicer\u00e7ado em competi\u00e7\u00f5es abertas e no m\u00e9rito desportivo. N\u00e3o poder\u00e1 ser de outra forma&#8221;, advertiu a UEFA, apelando a &#8220;todos os amantes do futebol, adeptos e pol\u00edticos, para se juntarem na luta&#8221; contra a cria\u00e7\u00e3o da Superliga europeia.<br \/>\nEm janeiro, a FIFA j\u00e1 tinha avisado, num comunicado conjunto com as confedera\u00e7\u00f5es do futebol mundial, que impediria de participar nas suas competi\u00e7\u00f5es qualquer clube ou jogador que integrasse uma eventual competi\u00e7\u00e3o de elite, disputada por convite por alguns dos maiores clubes europeus.<br \/>\nA UEFA deve anunciar na segunda-feira o novo formato das competi\u00e7\u00f5es europeias a partir da \u00e9poca 2024, sendo esperado uma altera\u00e7\u00e3o no modelo da Liga dos Campe\u00f5es e um aumento para 36 equipas.<\/p>\n","protected":false},"excerpt":{"rendered":"<p>Organismo que tutela o futebol europeu promete lutar &#8220;com todas as medidas necess\u00e1rias&#8221; para acabar com um projeto que classifica como &#8220;c\u00ednico&#8221;. UEFA reafirmou este domingo que excluir\u00e1 os clubes que integrem uma eventual Superliga europeia de futebol, e que tomar\u00e1 &#8220;todas as medidas necess\u00e1rias, a n\u00edvel judicial e desportivo&#8221; para inviabilizar a cria\u00e7\u00e3o de [&hellip;]<\/p>\n","protected":false},"author":1,"featured_media":4777,"comment_status":"open","ping_status":"open","sticky":false,"template":"","format":"standard","meta":{"footnotes":""},"categories":[19],"tags":[],"class_list":{"0":"post-13052","1":"post","2":"type-post","3":"status-publish","4":"format-standard","5":"has-post-thumbnail","7":"category-desporto"},"amp_enabled":true,"_links":{"self":[{"href":"https:\/\/tvbelas.com\/tvbelas\/wp-json\/wp\/v2\/posts\/13052","targetHints":{"allow":["GET"]}}],"collection":[{"href":"https:\/\/tvbelas.com\/tvbelas\/wp-json\/wp\/v2\/posts"}],"about":[{"href":"https:\/\/tvbelas.com\/tvbelas\/wp-json\/wp\/v2\/types\/post"}],"author":[{"embeddable":true,"href":"https:\/\/tvbelas.com\/tvbelas\/wp-json\/wp\/v2\/users\/1"}],"replies":[{"embeddable":true,"href":"https:\/\/tvbelas.com\/tvbelas\/wp-json\/wp\/v2\/comments?post=13052"}],"version-history":[{"count":0,"href":"https:\/\/tvbelas.com\/tvbelas\/wp-json\/wp\/v2\/posts\/13052\/revisions"}],"wp:featuredmedia":[{"embeddable":true,"href":"https:\/\/tvbelas.com\/tvbelas\/wp-json\/"}],"wp:attachment":[{"href":"https:\/\/tvbelas.com\/tvbelas\/wp-json\/wp\/v2\/media?parent=13052"}],"wp:term":[{"taxonomy":"category","embeddable":true,"href":"https:\/\/tvbelas.com\/tvbelas\/wp-json\/wp\/v2\/categories?post=13052"},{"taxonomy":"post_tag","embeddable":true,"href":"https:\/\/tvbelas.com\/tvbelas\/wp-json\/wp\/v2\/tags?post=13052"}],"curies":[{"name":"wp","href":"https:\/\/api.w.org\/{rel}","templated":true}]}}