{"id":13057,"date":"2021-04-21T15:20:08","date_gmt":"2021-04-21T14:20:08","guid":{"rendered":"http:\/\/tvbelas.com\/tvbelas\/?p=4852"},"modified":"2021-04-21T15:20:08","modified_gmt":"2021-04-21T14:20:08","slug":"adalberto-costa-junior-manifesta-o-desejo-de-o-governo-alojar-nas-centralidades-vazias-todas-as-familias-afectadas-pelas-chuvas-em-luanda-2","status":"publish","type":"post","link":"https:\/\/tvbelas.com\/tvbelas\/noticias\/sociedade\/adalberto-costa-junior-manifesta-o-desejo-de-o-governo-alojar-nas-centralidades-vazias-todas-as-familias-afectadas-pelas-chuvas-em-luanda-2\/","title":{"rendered":"ADALBERTO COSTA J\u00daNIOR MANIFESTA O DESEJO DE O GOVERNO ALOJAR NAS CENTRALIDADES VAZIAS TODAS AS FAM\u00cdLIAS AFECTADAS PELAS CHUVAS EM LUANDA."},"content":{"rendered":"<p>O presidente da UNITA Adalberto Costa J\u00fanior efectuou hoje, em alguns munic\u00edpios de Luanda, uma visita as fam\u00edlias afectadas pelas fortes chuvas que ca\u00edram na segunda-feira sobre a capital do pa\u00eds.<\/p>\n<p>Ap\u00f3s as chuvas, v\u00e1rias resid\u00eancias sobretudo as que se encontram nas periferias dos diversos munic\u00edpios de Luanda ficaram totalmente inundadas, as ruas estavam intransit\u00e1veis, \u00e1rvores ca\u00eddas em algumas zonas de risco e, algumas pessoas ficaram sem abrigo.<\/p>\n<p>No entanto, houve relatos de que muitas pessoas morreram electrocutadas durante o per\u00edodo em que chovia de forma intensa.<\/p>\n<p>Adalberto Costa J\u00fanior, enquanto visitava as fam\u00edlias desalojadas, reiterou a necessidade de o governo solidarizar-se e colocar as fam\u00edlias afectadas nas demais centralidades que se encontram vazias em Luanda.<\/p>\n<p>\u201cTodas as fam\u00edlias afectadas pelas chuvas que ca\u00edram sobre Luanda na segunda-feira devem de facto ser colocadas nas centralidades abandonadas, as institui\u00e7\u00f5es competentes do governo devem solidarizar-se com estas fam\u00edlias\u201d. disse o presidente da UNITA.<\/p>\n<p>Portanto, Adalberto Costa J\u00fanior continua hoje a visitar as fam\u00edlias v\u00edtimas das chuvas em Luanda.<\/p>\n<p>Por: Ad\u00e3o Jorge<\/p>\n","protected":false},"excerpt":{"rendered":"<p>O presidente da UNITA Adalberto Costa J\u00fanior efectuou hoje, em alguns munic\u00edpios de Luanda, uma visita as fam\u00edlias afectadas pelas fortes chuvas que ca\u00edram na segunda-feira sobre a capital do pa\u00eds. Ap\u00f3s as chuvas, v\u00e1rias resid\u00eancias sobretudo as que se encontram nas periferias dos diversos munic\u00edpios de Luanda ficaram totalmente inundadas, as ruas estavam intransit\u00e1veis, [&hellip;]<\/p>\n","protected":false},"author":1,"featured_media":4854,"comment_status":"open","ping_status":"open","sticky":false,"template":"","format":"gallery","meta":{"footnotes":""},"categories":[15],"tags":[],"class_list":{"0":"post-13057","1":"post","2":"type-post","3":"status-publish","4":"format-gallery","5":"has-post-thumbnail","7":"category-sociedade","8":"post_format-post-format-gallery"},"amp_enabled":true,"_links":{"self":[{"href":"https:\/\/tvbelas.com\/tvbelas\/wp-json\/wp\/v2\/posts\/13057","targetHints":{"allow":["GET"]}}],"collection":[{"href":"https:\/\/tvbelas.com\/tvbelas\/wp-json\/wp\/v2\/posts"}],"about":[{"href":"https:\/\/tvbelas.com\/tvbelas\/wp-json\/wp\/v2\/types\/post"}],"author":[{"embeddable":true,"href":"https:\/\/tvbelas.com\/tvbelas\/wp-json\/wp\/v2\/users\/1"}],"replies":[{"embeddable":true,"href":"https:\/\/tvbelas.com\/tvbelas\/wp-json\/wp\/v2\/comments?post=13057"}],"version-history":[{"count":0,"href":"https:\/\/tvbelas.com\/tvbelas\/wp-json\/wp\/v2\/posts\/13057\/revisions"}],"wp:featuredmedia":[{"embeddable":true,"href":"https:\/\/tvbelas.com\/tvbelas\/wp-json\/"}],"wp:attachment":[{"href":"https:\/\/tvbelas.com\/tvbelas\/wp-json\/wp\/v2\/media?parent=13057"}],"wp:term":[{"taxonomy":"category","embeddable":true,"href":"https:\/\/tvbelas.com\/tvbelas\/wp-json\/wp\/v2\/categories?post=13057"},{"taxonomy":"post_tag","embeddable":true,"href":"https:\/\/tvbelas.com\/tvbelas\/wp-json\/wp\/v2\/tags?post=13057"}],"curies":[{"name":"wp","href":"https:\/\/api.w.org\/{rel}","templated":true}]}}