{"id":13097,"date":"2021-06-07T20:18:46","date_gmt":"2021-06-07T19:18:46","guid":{"rendered":"http:\/\/tvbelas.com\/tvbelas\/?p=5880"},"modified":"2021-06-07T20:18:46","modified_gmt":"2021-06-07T19:18:46","slug":"o-governo-determina-a-co-participacao-dos-testes-pre-desembarque-no-aeroporto-internacional-4-de-fevereiro-a-partir-de-quarta-feira-9-no-quadro-das-novas-medidas-de-prevencao-e-combate-a-covid-19","status":"publish","type":"post","link":"https:\/\/tvbelas.com\/tvbelas\/noticias\/saude\/o-governo-determina-a-co-participacao-dos-testes-pre-desembarque-no-aeroporto-internacional-4-de-fevereiro-a-partir-de-quarta-feira-9-no-quadro-das-novas-medidas-de-prevencao-e-combate-a-covid-19\/","title":{"rendered":"O GOVERNO DETERMINA, A CO-PARTICIPA\u00c7\u00c3O DOS TESTES PR\u00c9-DESEMBARQUE NO AEROPORTO INTERNACIONAL 4 DE FEVEREIRO, A PARTIR DE QUARTA-FEIRA, 9, NO QUADRO DAS NOVAS MEDIDAS DE PREVEN\u00c7\u00c3O E COMBATE \u00c0 COVID-19."},"content":{"rendered":"<p>O teste o r\u00e1pido Sorol\u00f3gico custa<strong>\u00a0<\/strong>seis mil kwanzas, o Elisa 20 mil Kz o RT-PCR 75 mil kwanzas.<\/p>\n<p>Segundo o ministro de Estado e Chefe da Casa Civil do Presidente da Rep\u00fablica, Ad\u00e3o de Almeida, que falava em confer\u00eancia de imprensa de actualiza\u00e7\u00e3o das medidas, o valor da co-participa\u00e7\u00e3o ser\u00e1 determinada pelos minist\u00e9rios da Sa\u00fade e das Finan\u00e7as.<\/p>\n<p>Com esta medida, o Executivo termina com os testes gratuitos aos passageiros provenientes do estrangeiro.<\/p>\n<p>Ad\u00e3o de Almeida adiantou ainda que os passageiros ser\u00e3o obrigados a cumprir uma quarentena domiciliar de at\u00e9 10 dias.<\/p>\n<p>Conforme o ministro, em caso de viola\u00e7\u00e3o da quarentena o infractor dever\u00e1 pagar uma multa que v\u00e1ria entre 250 mil a 350 mil kwanzas e o cumprimento de uma quarentena institucional.<\/p>\n","protected":false},"excerpt":{"rendered":"<p>O teste o r\u00e1pido Sorol\u00f3gico custa\u00a0seis mil kwanzas, o Elisa 20 mil Kz o RT-PCR 75 mil kwanzas. Segundo o ministro de Estado e Chefe da Casa Civil do Presidente da Rep\u00fablica, Ad\u00e3o de Almeida, que falava em confer\u00eancia de imprensa de actualiza\u00e7\u00e3o das medidas, o valor da co-participa\u00e7\u00e3o ser\u00e1 determinada pelos minist\u00e9rios da Sa\u00fade [&hellip;]<\/p>\n","protected":false},"author":1,"featured_media":5882,"comment_status":"open","ping_status":"open","sticky":false,"template":"","format":"standard","meta":{"footnotes":""},"categories":[14],"tags":[],"class_list":{"0":"post-13097","1":"post","2":"type-post","3":"status-publish","4":"format-standard","5":"has-post-thumbnail","7":"category-saude"},"amp_enabled":true,"_links":{"self":[{"href":"https:\/\/tvbelas.com\/tvbelas\/wp-json\/wp\/v2\/posts\/13097","targetHints":{"allow":["GET"]}}],"collection":[{"href":"https:\/\/tvbelas.com\/tvbelas\/wp-json\/wp\/v2\/posts"}],"about":[{"href":"https:\/\/tvbelas.com\/tvbelas\/wp-json\/wp\/v2\/types\/post"}],"author":[{"embeddable":true,"href":"https:\/\/tvbelas.com\/tvbelas\/wp-json\/wp\/v2\/users\/1"}],"replies":[{"embeddable":true,"href":"https:\/\/tvbelas.com\/tvbelas\/wp-json\/wp\/v2\/comments?post=13097"}],"version-history":[{"count":0,"href":"https:\/\/tvbelas.com\/tvbelas\/wp-json\/wp\/v2\/posts\/13097\/revisions"}],"wp:featuredmedia":[{"embeddable":true,"href":"https:\/\/tvbelas.com\/tvbelas\/wp-json\/"}],"wp:attachment":[{"href":"https:\/\/tvbelas.com\/tvbelas\/wp-json\/wp\/v2\/media?parent=13097"}],"wp:term":[{"taxonomy":"category","embeddable":true,"href":"https:\/\/tvbelas.com\/tvbelas\/wp-json\/wp\/v2\/categories?post=13097"},{"taxonomy":"post_tag","embeddable":true,"href":"https:\/\/tvbelas.com\/tvbelas\/wp-json\/wp\/v2\/tags?post=13097"}],"curies":[{"name":"wp","href":"https:\/\/api.w.org\/{rel}","templated":true}]}}