{"id":13105,"date":"2021-06-14T12:04:06","date_gmt":"2021-06-14T11:04:06","guid":{"rendered":"http:\/\/tvbelas.com\/tvbelas\/?p=6035"},"modified":"2021-06-14T12:04:06","modified_gmt":"2021-06-14T11:04:06","slug":"joe-biden-afirma-que-g7-foi-extraordinariamente-colaborativo-e-produtivo-para-desenvolver-medidas-para-combater-a-pandemia-e-impulsionar-a-economia-global","status":"publish","type":"post","link":"https:\/\/tvbelas.com\/tvbelas\/noticias\/internacional\/joe-biden-afirma-que-g7-foi-extraordinariamente-colaborativo-e-produtivo-para-desenvolver-medidas-para-combater-a-pandemia-e-impulsionar-a-economia-global\/","title":{"rendered":"JOE BIDEN AFIRMA QUE, G7 FOI &#8220;EXTRAORDINARIAMENTE COLABORATIVO E PRODUTIVO&#8221; PARA DESENVOLVER MEDIDAS PARA COMBATER A PANDEMIA E IMPULSIONAR A ECONOMIA GLOBAL."},"content":{"rendered":"<p>&#8220;Os Estados Unidos est\u00e3o de volta \u00e0 mesa&#8221;, disse Biden numa confer\u00eancia de imprensa na qual lamentou que o seu antecessor na Casa Branca, Donald Trump, tenha minimizado quest\u00f5es como as altera\u00e7\u00f5es clim\u00e1ticas em reuni\u00f5es internacionais anteriores, nas quais tamb\u00e9m n\u00e3o conseguiram enfatizar a amea\u00e7a representada pela China.<\/p>\n<p>O presidente dos EUA salientou a import\u00e2ncia do compromisso assumido pelo G7 de doar 1.000 milh\u00f5es de vacinas contra o coronav\u00edrus aos pa\u00edses em desenvolvimento e o acordo para promover uma taxa m\u00ednima de sociedades globais.<\/p>\n<p>Biden, que participa esta segunda-feira na cimeira da NATO em Bruxelas e se vai reunir quarta-feira em Genebra com o presidente russo, Vladimir Putin, disse que a reuni\u00e3o do grupo de pa\u00edses ricos na Cornualha (sudoeste de Inglaterra) serviu para &#8220;restaurar a credibilidade americana&#8221; entre os seus parceiros internacionais.<\/p>\n<p>&#8220;Todos \u00e0 mesa compreenderam a seriedade dos desafios que enfrentamos, bem como a responsabilidade das nossas democracias de se intensificarem e serem \u00fateis para o resto do mundo. \u00c9 disso que se trata o G7&#8221;, disse Biden no seu primeiro discurso \u00e0 imprensa como presidente dos EUA no estrangeiro.<\/p>\n","protected":false},"excerpt":{"rendered":"<p>&#8220;Os Estados Unidos est\u00e3o de volta \u00e0 mesa&#8221;, disse Biden numa confer\u00eancia de imprensa na qual lamentou que o seu antecessor na Casa Branca, Donald Trump, tenha minimizado quest\u00f5es como as altera\u00e7\u00f5es clim\u00e1ticas em reuni\u00f5es internacionais anteriores, nas quais tamb\u00e9m n\u00e3o conseguiram enfatizar a amea\u00e7a representada pela China. O presidente dos EUA salientou a import\u00e2ncia [&hellip;]<\/p>\n","protected":false},"author":1,"featured_media":6037,"comment_status":"open","ping_status":"open","sticky":false,"template":"","format":"standard","meta":{"footnotes":""},"categories":[22],"tags":[],"class_list":{"0":"post-13105","1":"post","2":"type-post","3":"status-publish","4":"format-standard","5":"has-post-thumbnail","7":"category-internacional"},"amp_enabled":true,"_links":{"self":[{"href":"https:\/\/tvbelas.com\/tvbelas\/wp-json\/wp\/v2\/posts\/13105","targetHints":{"allow":["GET"]}}],"collection":[{"href":"https:\/\/tvbelas.com\/tvbelas\/wp-json\/wp\/v2\/posts"}],"about":[{"href":"https:\/\/tvbelas.com\/tvbelas\/wp-json\/wp\/v2\/types\/post"}],"author":[{"embeddable":true,"href":"https:\/\/tvbelas.com\/tvbelas\/wp-json\/wp\/v2\/users\/1"}],"replies":[{"embeddable":true,"href":"https:\/\/tvbelas.com\/tvbelas\/wp-json\/wp\/v2\/comments?post=13105"}],"version-history":[{"count":0,"href":"https:\/\/tvbelas.com\/tvbelas\/wp-json\/wp\/v2\/posts\/13105\/revisions"}],"wp:featuredmedia":[{"embeddable":true,"href":"https:\/\/tvbelas.com\/tvbelas\/wp-json\/"}],"wp:attachment":[{"href":"https:\/\/tvbelas.com\/tvbelas\/wp-json\/wp\/v2\/media?parent=13105"}],"wp:term":[{"taxonomy":"category","embeddable":true,"href":"https:\/\/tvbelas.com\/tvbelas\/wp-json\/wp\/v2\/categories?post=13105"},{"taxonomy":"post_tag","embeddable":true,"href":"https:\/\/tvbelas.com\/tvbelas\/wp-json\/wp\/v2\/tags?post=13105"}],"curies":[{"name":"wp","href":"https:\/\/api.w.org\/{rel}","templated":true}]}}