{"id":13109,"date":"2021-06-15T08:03:01","date_gmt":"2021-06-15T07:03:01","guid":{"rendered":"http:\/\/tvbelas.com\/tvbelas\/?p=6062"},"modified":"2021-06-15T08:03:01","modified_gmt":"2021-06-15T07:03:01","slug":"antonio-domingos-espanhol-novo-sub-procurador-geral-da-republica-no-zaire-destaca-em-mbanza-kongo-a-importancia-do-combate-ao-contrabando-de-combustivel-na-regiao-2","status":"publish","type":"post","link":"https:\/\/tvbelas.com\/tvbelas\/noticias\/sociedade\/antonio-domingos-espanhol-novo-sub-procurador-geral-da-republica-no-zaire-destaca-em-mbanza-kongo-a-importancia-do-combate-ao-contrabando-de-combustivel-na-regiao-2\/","title":{"rendered":"ANT\u00d3NIO DOMINGOS ESPANHOL,  NOVO SUB-PROCURADOR-GERAL DA REP\u00daBLICA NO ZAIRE, , DESTACA, EM MBANZA KONGO, A IMPORT\u00c2NCIA DO COMBATE AO CONTRABANDO DE COMBUST\u00cdVEL NA REGI\u00c3O."},"content":{"rendered":"<p>No seu primeiro pronunciamento p\u00fablico, ap\u00f3s a cerim\u00f3nia da sua apresenta\u00e7\u00e3o, orientada pelo governador do Zaire, Pedro Makita Armando J\u00falia, Ant\u00f3nio Domingos Espanhol disse possuir informa\u00e7\u00f5es sobre a magnitude do fen\u00f3meno na regi\u00e3o.<\/p>\n<p>Proveniente da prov\u00edncia da Lunda Norte, Ant\u00f3nio Esponhol substitui no cargo Francisco Martins, que durante um ano dirigiu a PGR no Zaire, tendo solicitado a colabora\u00e7\u00e3o de todos os \u00f3rg\u00e3os que interv\u00eam na administra\u00e7\u00e3o da justi\u00e7a para se combater o contrabando de combust\u00edvel.<\/p>\n<p>Referiu-se ainda a outros crimes econ\u00f3micos e financeiros, furtos, roubos e viol\u00eancia dom\u00e9stica, que merecer\u00e3o tamb\u00e9m uma aten\u00e7\u00e3o especial da PGR.<\/p>\n<p>Quanto aos processos-crime pendentes, envolvendo eventualmente figuras p\u00fablicas da regi\u00e3o, o sub-procurador titular do Zaire prometeu dar devido tratamento.<\/p>\n<p>\u201cO pa\u00eds est\u00e1 focado no combate \u00e0 corrup\u00e7\u00e3o, por ser um mal que corr\u00f3i a economia nacional, atrasa o desenvolvimento, pelo que dever\u00e1 ser outro foco da actua\u00e7\u00e3o\u201d, enfatizou.<\/p>\n<p>Na mesma cerim\u00f3nia foram tamb\u00e9m apresentados quatro novos procuradores, que refor\u00e7ar\u00e3o o trabalho da PGR na regi\u00e3o.<\/p>\n<p>Para o governador Pedro Makita Armando J\u00falia, este refor\u00e7o era h\u00e1 muito esperado, uma vez que a prov\u00edncia precisa de magistrados, com vista a dinamizar a administra\u00e7\u00e3o da justi\u00e7a nos seus seis munic\u00edpios.<\/p>\n<p>Com o refor\u00e7o de quatro novos procuradores, a Procuradoria-Geral da Rep\u00fablica (PGR) na prov\u00edncia do Zaire conta agora com 21 magistrados p\u00fablicos.<\/p>\n<p>A prov\u00edncia do Zaire confronta-se, nos \u00faltimos anos, com o contrabando de gasolina e gas\u00f3leo para a Rep\u00fablica Democr\u00e1tica do Congo (RDC), um neg\u00f3cio considerado bastante lucrativo.<\/p>\n","protected":false},"excerpt":{"rendered":"<p>No seu primeiro pronunciamento p\u00fablico, ap\u00f3s a cerim\u00f3nia da sua apresenta\u00e7\u00e3o, orientada pelo governador do Zaire, Pedro Makita Armando J\u00falia, Ant\u00f3nio Domingos Espanhol disse possuir informa\u00e7\u00f5es sobre a magnitude do fen\u00f3meno na regi\u00e3o. Proveniente da prov\u00edncia da Lunda Norte, Ant\u00f3nio Esponhol substitui no cargo Francisco Martins, que durante um ano dirigiu a PGR no Zaire, [&hellip;]<\/p>\n","protected":false},"author":1,"featured_media":6064,"comment_status":"open","ping_status":"open","sticky":false,"template":"","format":"standard","meta":{"footnotes":""},"categories":[15],"tags":[],"class_list":{"0":"post-13109","1":"post","2":"type-post","3":"status-publish","4":"format-standard","5":"has-post-thumbnail","7":"category-sociedade"},"amp_enabled":true,"_links":{"self":[{"href":"https:\/\/tvbelas.com\/tvbelas\/wp-json\/wp\/v2\/posts\/13109","targetHints":{"allow":["GET"]}}],"collection":[{"href":"https:\/\/tvbelas.com\/tvbelas\/wp-json\/wp\/v2\/posts"}],"about":[{"href":"https:\/\/tvbelas.com\/tvbelas\/wp-json\/wp\/v2\/types\/post"}],"author":[{"embeddable":true,"href":"https:\/\/tvbelas.com\/tvbelas\/wp-json\/wp\/v2\/users\/1"}],"replies":[{"embeddable":true,"href":"https:\/\/tvbelas.com\/tvbelas\/wp-json\/wp\/v2\/comments?post=13109"}],"version-history":[{"count":0,"href":"https:\/\/tvbelas.com\/tvbelas\/wp-json\/wp\/v2\/posts\/13109\/revisions"}],"wp:featuredmedia":[{"embeddable":true,"href":"https:\/\/tvbelas.com\/tvbelas\/wp-json\/"}],"wp:attachment":[{"href":"https:\/\/tvbelas.com\/tvbelas\/wp-json\/wp\/v2\/media?parent=13109"}],"wp:term":[{"taxonomy":"category","embeddable":true,"href":"https:\/\/tvbelas.com\/tvbelas\/wp-json\/wp\/v2\/categories?post=13109"},{"taxonomy":"post_tag","embeddable":true,"href":"https:\/\/tvbelas.com\/tvbelas\/wp-json\/wp\/v2\/tags?post=13109"}],"curies":[{"name":"wp","href":"https:\/\/api.w.org\/{rel}","templated":true}]}}