{"id":13134,"date":"2021-06-30T19:53:14","date_gmt":"2021-06-30T18:53:14","guid":{"rendered":"http:\/\/tvbelas.com\/tvbelas\/?p=6718"},"modified":"2021-06-30T19:53:14","modified_gmt":"2021-06-30T18:53:14","slug":"o-registo-eleitoral-oficioso-para-os-cidadaos-maiores-de-18-anos-de-idade-inicia-em-setembro-2","status":"publish","type":"post","link":"https:\/\/tvbelas.com\/tvbelas\/noticias\/politica-angola\/o-registo-eleitoral-oficioso-para-os-cidadaos-maiores-de-18-anos-de-idade-inicia-em-setembro-2\/","title":{"rendered":"O REGISTO ELEITORAL OFICIOSO, PARA OS CIDAD\u00c3OS MAIORES DE 18 ANOS DE IDADE, INICIA EM SETEMBRO"},"content":{"rendered":"<p>O governante falava \u00e0 imprensa no final da sexta sess\u00e3o ordin\u00e1ria do Conselho de Ministros que apreciou, para envio \u00e0 Assembleia Nacional, a\u00a0Lei de Altera\u00e7\u00e3o do Registo Eleitoral Oficioso, iniciativa legislativa que surge da necessidade de conforma\u00e7\u00e3o da actual Lei, em raz\u00e3o da altera\u00e7\u00e3o constitucional realizada recentemente.<\/p>\n<p>\u201cEstamos \u00a0a fazer todo o processo organizacional para que o processo de registo eleitoral inicie em Setembro deste ano\u201d, explicou.<\/p>\n<p>Marcy Lopes \u00a0fez saber que o registo eleitoral oficioso \u00e9, na realidade, a comunica\u00e7\u00e3o da base de dados do Bilhete de Identidade, com comunica\u00e7\u00e3o da base de dados dos cidad\u00e3os maiores.<\/p>\n<p>\u201cOs dados dos cidad\u00e3os maiores, que constam do Bilhete de Identidade, s\u00e3o transferidos, automaticamente, para a base de dados dos cidad\u00e3os maiores. A partir do momento em que isto \u00e9 feito, o Minist\u00e9rio da Administra\u00e7\u00e3o do Territ\u00f3rio tem conhecimento do universo de cidad\u00e3os que s\u00e3o potenciais eleitores\u201d, sublinhou.<\/p>\n<p><strong>Emiss\u00e3o do\u00a0cart\u00e3o de eleitor \u00a0\u00a0<\/strong><\/p>\n<p>Marcy Lopes informou que a emiss\u00e3o do cart\u00e3o eleitoral ser\u00e1 feito apenas em zonas de dif\u00edcil acesso, onde, em teoria, o Bilhete de Identidade ainda n\u00e3o chegou.<\/p>\n<p>Acrescentou que, caber\u00e1 a cada cidad\u00e3o dizer ao Estado onde reside e onde pretende exercer o seu direito de voto, para que estas informa\u00e7\u00f5es sejam recolhidas de forma harmonizada, de acordo com a vontade de cada um, e remetidas ao Conselho Nacional Eleitoral (CNE).<\/p>\n<p>O encerramento do registo eleitoral, de acordo com Marcy Lopes, por regra geral, est\u00e1 previsto para Mar\u00e7o ou Abril de 2022.<\/p>\n<p>Explicou que, para o registo eleitoral existe j\u00e1 um or\u00e7amento suficiente, sem no entanto avan\u00e7ar os valores para o processo.<\/p>\n","protected":false},"excerpt":{"rendered":"<p>O governante falava \u00e0 imprensa no final da sexta sess\u00e3o ordin\u00e1ria do Conselho de Ministros que apreciou, para envio \u00e0 Assembleia Nacional, a\u00a0Lei de Altera\u00e7\u00e3o do Registo Eleitoral Oficioso, iniciativa legislativa que surge da necessidade de conforma\u00e7\u00e3o da actual Lei, em raz\u00e3o da altera\u00e7\u00e3o constitucional realizada recentemente. \u201cEstamos \u00a0a fazer todo o processo organizacional para [&hellip;]<\/p>\n","protected":false},"author":1,"featured_media":6720,"comment_status":"open","ping_status":"open","sticky":false,"template":"","format":"standard","meta":{"footnotes":""},"categories":[12],"tags":[],"class_list":{"0":"post-13134","1":"post","2":"type-post","3":"status-publish","4":"format-standard","5":"has-post-thumbnail","7":"category-politica-angola"},"amp_enabled":true,"_links":{"self":[{"href":"https:\/\/tvbelas.com\/tvbelas\/wp-json\/wp\/v2\/posts\/13134","targetHints":{"allow":["GET"]}}],"collection":[{"href":"https:\/\/tvbelas.com\/tvbelas\/wp-json\/wp\/v2\/posts"}],"about":[{"href":"https:\/\/tvbelas.com\/tvbelas\/wp-json\/wp\/v2\/types\/post"}],"author":[{"embeddable":true,"href":"https:\/\/tvbelas.com\/tvbelas\/wp-json\/wp\/v2\/users\/1"}],"replies":[{"embeddable":true,"href":"https:\/\/tvbelas.com\/tvbelas\/wp-json\/wp\/v2\/comments?post=13134"}],"version-history":[{"count":0,"href":"https:\/\/tvbelas.com\/tvbelas\/wp-json\/wp\/v2\/posts\/13134\/revisions"}],"wp:featuredmedia":[{"embeddable":true,"href":"https:\/\/tvbelas.com\/tvbelas\/wp-json\/"}],"wp:attachment":[{"href":"https:\/\/tvbelas.com\/tvbelas\/wp-json\/wp\/v2\/media?parent=13134"}],"wp:term":[{"taxonomy":"category","embeddable":true,"href":"https:\/\/tvbelas.com\/tvbelas\/wp-json\/wp\/v2\/categories?post=13134"},{"taxonomy":"post_tag","embeddable":true,"href":"https:\/\/tvbelas.com\/tvbelas\/wp-json\/wp\/v2\/tags?post=13134"}],"curies":[{"name":"wp","href":"https:\/\/api.w.org\/{rel}","templated":true}]}}