{"id":13139,"date":"2021-07-03T13:07:32","date_gmt":"2021-07-03T12:07:32","guid":{"rendered":"http:\/\/tvbelas.com\/tvbelas\/?p=6867"},"modified":"2021-07-03T13:07:32","modified_gmt":"2021-07-03T12:07:32","slug":"biden-nomeia-presidente-da-universidade-da-pensilvania-para-embaixadora-2","status":"publish","type":"post","link":"https:\/\/tvbelas.com\/tvbelas\/noticias\/internacional\/biden-nomeia-presidente-da-universidade-da-pensilvania-para-embaixadora-2\/","title":{"rendered":"BIDEN NOMEIA PRESIDENTE DA UNIVERSIDADE DA PENSILV\u00c2NIA PARA EMBAIXADORA"},"content":{"rendered":"<p>Amy Gutmann \u00e9 desde 2004 presidente da universidade de Filad\u00e9lfia, que integra a Ivy League, onde Joe Biden estabeleceu um centro de pol\u00edtica externa ap\u00f3s ter terminado o mandato de vice-presidente na governa\u00e7\u00e3o de Barack Obama.<\/p>\n<p>Esta nomea\u00e7\u00e3o \u00e9 a primeira escolha para embaixador num dos pa\u00edses do G7, noticia a ag\u00eancia AP.<\/p>\n<p>E foi divulgada menos de duas semanas da \u00faltima visita oficial da chanceler alem\u00e3 Angela Merkel \u00e0 Casa Branca, pois a governante vai deixar o cargo ap\u00f3s as elei\u00e7\u00f5es legislativas na Alemanha marcadas para Setembro.<\/p>\n<p>A Casa Branca divulgou ainda que Joe Biden vai nomear Chantale Wong, que serviu na governa\u00e7\u00e3o de Bill Clinton e Barack Obama, como embaixador do Banco de Desenvolvimento Asi\u00e1tico, Jeffrey Hovenier, com carreira nos neg\u00f3cios estrangeiros do EUA, como embaixador no Kosovo e Virginia Palmer, tamb\u00e9m com carreira nos neg\u00f3cios estrangeiros, como embaixadora no Ghana.<\/p>\n<p>Todos estes nomes t\u00eam ainda de ser validados pelo Senado antes de assumirem os seus cargos.<\/p>\n","protected":false},"excerpt":{"rendered":"<p>Amy Gutmann \u00e9 desde 2004 presidente da universidade de Filad\u00e9lfia, que integra a Ivy League, onde Joe Biden estabeleceu um centro de pol\u00edtica externa ap\u00f3s ter terminado o mandato de vice-presidente na governa\u00e7\u00e3o de Barack Obama. Esta nomea\u00e7\u00e3o \u00e9 a primeira escolha para embaixador num dos pa\u00edses do G7, noticia a ag\u00eancia AP. E foi [&hellip;]<\/p>\n","protected":false},"author":1,"featured_media":6869,"comment_status":"open","ping_status":"open","sticky":false,"template":"","format":"standard","meta":{"footnotes":""},"categories":[22],"tags":[],"class_list":{"0":"post-13139","1":"post","2":"type-post","3":"status-publish","4":"format-standard","5":"has-post-thumbnail","7":"category-internacional"},"amp_enabled":true,"_links":{"self":[{"href":"https:\/\/tvbelas.com\/tvbelas\/wp-json\/wp\/v2\/posts\/13139","targetHints":{"allow":["GET"]}}],"collection":[{"href":"https:\/\/tvbelas.com\/tvbelas\/wp-json\/wp\/v2\/posts"}],"about":[{"href":"https:\/\/tvbelas.com\/tvbelas\/wp-json\/wp\/v2\/types\/post"}],"author":[{"embeddable":true,"href":"https:\/\/tvbelas.com\/tvbelas\/wp-json\/wp\/v2\/users\/1"}],"replies":[{"embeddable":true,"href":"https:\/\/tvbelas.com\/tvbelas\/wp-json\/wp\/v2\/comments?post=13139"}],"version-history":[{"count":0,"href":"https:\/\/tvbelas.com\/tvbelas\/wp-json\/wp\/v2\/posts\/13139\/revisions"}],"wp:featuredmedia":[{"embeddable":true,"href":"https:\/\/tvbelas.com\/tvbelas\/wp-json\/"}],"wp:attachment":[{"href":"https:\/\/tvbelas.com\/tvbelas\/wp-json\/wp\/v2\/media?parent=13139"}],"wp:term":[{"taxonomy":"category","embeddable":true,"href":"https:\/\/tvbelas.com\/tvbelas\/wp-json\/wp\/v2\/categories?post=13139"},{"taxonomy":"post_tag","embeddable":true,"href":"https:\/\/tvbelas.com\/tvbelas\/wp-json\/wp\/v2\/tags?post=13139"}],"curies":[{"name":"wp","href":"https:\/\/api.w.org\/{rel}","templated":true}]}}