{"id":13142,"date":"2021-07-05T20:13:14","date_gmt":"2021-07-05T19:13:14","guid":{"rendered":"http:\/\/tvbelas.com\/tvbelas\/?p=6962"},"modified":"2021-07-05T20:13:14","modified_gmt":"2021-07-05T19:13:14","slug":"altas-temperaturas-em-mbanza-kongo-podem-comprometer-a-colheita-do-feijao-afirmaram-alguns-agricultores-2","status":"publish","type":"post","link":"https:\/\/tvbelas.com\/tvbelas\/noticias\/economia-angola\/altas-temperaturas-em-mbanza-kongo-podem-comprometer-a-colheita-do-feijao-afirmaram-alguns-agricultores-2\/","title":{"rendered":"ALTAS TEMPERATURAS EM MBANZA KONGO, PODEM COMPROMETER, A COLHEITA DO FEIJ\u00c3O, AFIRMARAM ALGUNS AGRICULTORES."},"content":{"rendered":"<p>Abordados esta segunda-feira pela Angop, disseram que muitas planta\u00e7\u00f5es de feij\u00e3o cultivadas ap\u00f3s o fim da \u00e9poca chuvosa (em Maio) est\u00e3o a secar devido ao sol abrasador que se faz sentir todos os dias no munic\u00edpio sede.<\/p>\n<p>Isabel Nsimba, camponesa, disse que previa colher quantidades avultadas de feij\u00e3o, a julgar pela sementeira lan\u00e7ada \u00e0 terra, mas devido \u00e0 destrui\u00e7\u00e3o de grande parte das planta\u00e7\u00f5es, esta meta ficou aqu\u00e9m das expectativas.<\/p>\n<p>\u201cGeralmente, as culturas de feij\u00e3o crescem e produzem mais quando h\u00e1 muito nevoeiro, o que n\u00e3o est\u00e1 a acontecer nesta \u00e9poca de cacimbo no nosso munic\u00edpio\u201d, referiu.<\/p>\n<p>Ant\u00f3nio Sozinho, agricultor, disse que a situa\u00e7\u00e3o afecta n\u00e3o s\u00f3 \u00e0queles que semearam o feij\u00e3o em zonas altas como tamb\u00e9m os que cultivaram em localidades baixas.<\/p>\n<p>Considerou um fen\u00f3meno at\u00edpico, frisando que desde o in\u00edcio da \u00e9poca de cacimbo, o munic\u00edpio de Mbanza Kongo est\u00e1 a ser assolado por uma vaga de calor que est\u00e1 a destruir as culturas de cereais, com destaque para o feij\u00e3o, legume.<\/p>\n<p>\u201cS\u00e3o culturas de pouca dura\u00e7\u00e3o (tr\u00eas meses) que t\u00eam nos ajudado na dieta alimentar, cujo excedente \u00e9 comercializado\u201d, sublinhou.<\/p>\n<p>Por sua vez, Suzana Mankenda mostrou-se preocupada com o fen\u00f3meno, antevendo uma escassez de cereais nos pr\u00f3ximos dias.<\/p>\n<p>Para si, as planta\u00e7\u00f5es de feij\u00e3o desenvolvem mais quando h\u00e1 abund\u00e2ncia de nevoeiro, o contr\u00e1rio atrofiam-se.<\/p>\n<p>O munic\u00edpio de Mbanza Kongo \u00e9 potencialmente agr\u00edcola, sendo a mandioca, a jinguba, milho, feij\u00e3o, batata-doce, gergelim, banana e citrinos, os produtos mais cultivados.<\/p>\n","protected":false},"excerpt":{"rendered":"<p>Abordados esta segunda-feira pela Angop, disseram que muitas planta\u00e7\u00f5es de feij\u00e3o cultivadas ap\u00f3s o fim da \u00e9poca chuvosa (em Maio) est\u00e3o a secar devido ao sol abrasador que se faz sentir todos os dias no munic\u00edpio sede. Isabel Nsimba, camponesa, disse que previa colher quantidades avultadas de feij\u00e3o, a julgar pela sementeira lan\u00e7ada \u00e0 terra, [&hellip;]<\/p>\n","protected":false},"author":1,"featured_media":6965,"comment_status":"open","ping_status":"open","sticky":false,"template":"","format":"standard","meta":{"footnotes":""},"categories":[20],"tags":[],"class_list":{"0":"post-13142","1":"post","2":"type-post","3":"status-publish","4":"format-standard","5":"has-post-thumbnail","7":"category-economia-angola"},"amp_enabled":true,"_links":{"self":[{"href":"https:\/\/tvbelas.com\/tvbelas\/wp-json\/wp\/v2\/posts\/13142","targetHints":{"allow":["GET"]}}],"collection":[{"href":"https:\/\/tvbelas.com\/tvbelas\/wp-json\/wp\/v2\/posts"}],"about":[{"href":"https:\/\/tvbelas.com\/tvbelas\/wp-json\/wp\/v2\/types\/post"}],"author":[{"embeddable":true,"href":"https:\/\/tvbelas.com\/tvbelas\/wp-json\/wp\/v2\/users\/1"}],"replies":[{"embeddable":true,"href":"https:\/\/tvbelas.com\/tvbelas\/wp-json\/wp\/v2\/comments?post=13142"}],"version-history":[{"count":0,"href":"https:\/\/tvbelas.com\/tvbelas\/wp-json\/wp\/v2\/posts\/13142\/revisions"}],"wp:featuredmedia":[{"embeddable":true,"href":"https:\/\/tvbelas.com\/tvbelas\/wp-json\/"}],"wp:attachment":[{"href":"https:\/\/tvbelas.com\/tvbelas\/wp-json\/wp\/v2\/media?parent=13142"}],"wp:term":[{"taxonomy":"category","embeddable":true,"href":"https:\/\/tvbelas.com\/tvbelas\/wp-json\/wp\/v2\/categories?post=13142"},{"taxonomy":"post_tag","embeddable":true,"href":"https:\/\/tvbelas.com\/tvbelas\/wp-json\/wp\/v2\/tags?post=13142"}],"curies":[{"name":"wp","href":"https:\/\/api.w.org\/{rel}","templated":true}]}}