{"id":13144,"date":"2021-07-06T08:51:25","date_gmt":"2021-07-06T07:51:25","guid":{"rendered":"http:\/\/tvbelas.com\/tvbelas\/?p=6994"},"modified":"2021-07-06T08:51:25","modified_gmt":"2021-07-06T07:51:25","slug":"a-interpol-emitiu-segunda-feira-um-mandado-internacional-de-prisao-para-karim-keita-um-dos-filhos-do-antigo-presidente-do-mali-ibrahim-boubacar-keita-2","status":"publish","type":"post","link":"https:\/\/tvbelas.com\/tvbelas\/noticias\/internacional\/a-interpol-emitiu-segunda-feira-um-mandado-internacional-de-prisao-para-karim-keita-um-dos-filhos-do-antigo-presidente-do-mali-ibrahim-boubacar-keita-2\/","title":{"rendered":"A INTERPOL EMITIU SEGUNDA-FEIRA UM MANDADO INTERNACIONAL DE PRIS\u00c3O PARA KARIM KEITA, UM DOS FILHOS DO ANTIGO PRESIDENTE DO MALI IBRAHIM BOUBACAR KEITA"},"content":{"rendered":"<p>De acordo com a ag\u00eancia noticiosa AFP, citando fonte pr\u00f3xima do processo, a difus\u00e3o vermelha da Interpol contra o ex-deputado maliano foi disseminada a pedido de um juiz de um tribunal de Bamako.<\/p>\n<p>A informa\u00e7\u00e3o foi confirmada \u00e0 AFP por um funcion\u00e1rio do escrit\u00f3rio da Interpol no Mali.<\/p>\n<p>O jornalista maliano Birama Tour\u00e9, que trabalhou no seman\u00e1rio Le Sphinx, com sede em Bamaco, n\u00e3o \u00e9 visto desde 29 de Janeiro de 2016, segundo a fam\u00edlia e o director da publica\u00e7\u00e3o, Adama Dram\u00e9, afirmando que temem que tenha sido sequestrado, torturado e morto ap\u00f3s v\u00e1rios meses de deten\u00e7\u00e3o.<\/p>\n<p>Acreditando ter sido difamado pelo Le Sphinx, segundo a AFP, Karim Keita apresentou queixa por difama\u00e7\u00e3o contra o director do seman\u00e1rio e contra um jornalista de uma esta\u00e7\u00e3o de r\u00e1dio privada da capital maliana, em 2019, negando qualquer envolvimento no desaparecimento de Birama Tour\u00e9.<\/p>\n<p>Karim Keita refugiou-se na Costa do Marfim ap\u00f3s escapar da pris\u00e3o, aquando do golpe militar liderado pelo coronel Assimi Goita que derrubou o seu pai, em 18 Agosto de 2020.<\/p>\n","protected":false},"excerpt":{"rendered":"<p>De acordo com a ag\u00eancia noticiosa AFP, citando fonte pr\u00f3xima do processo, a difus\u00e3o vermelha da Interpol contra o ex-deputado maliano foi disseminada a pedido de um juiz de um tribunal de Bamako. A informa\u00e7\u00e3o foi confirmada \u00e0 AFP por um funcion\u00e1rio do escrit\u00f3rio da Interpol no Mali. O jornalista maliano Birama Tour\u00e9, que trabalhou [&hellip;]<\/p>\n","protected":false},"author":1,"featured_media":6996,"comment_status":"open","ping_status":"open","sticky":false,"template":"","format":"standard","meta":{"footnotes":""},"categories":[22],"tags":[],"class_list":{"0":"post-13144","1":"post","2":"type-post","3":"status-publish","4":"format-standard","5":"has-post-thumbnail","7":"category-internacional"},"amp_enabled":true,"_links":{"self":[{"href":"https:\/\/tvbelas.com\/tvbelas\/wp-json\/wp\/v2\/posts\/13144","targetHints":{"allow":["GET"]}}],"collection":[{"href":"https:\/\/tvbelas.com\/tvbelas\/wp-json\/wp\/v2\/posts"}],"about":[{"href":"https:\/\/tvbelas.com\/tvbelas\/wp-json\/wp\/v2\/types\/post"}],"author":[{"embeddable":true,"href":"https:\/\/tvbelas.com\/tvbelas\/wp-json\/wp\/v2\/users\/1"}],"replies":[{"embeddable":true,"href":"https:\/\/tvbelas.com\/tvbelas\/wp-json\/wp\/v2\/comments?post=13144"}],"version-history":[{"count":0,"href":"https:\/\/tvbelas.com\/tvbelas\/wp-json\/wp\/v2\/posts\/13144\/revisions"}],"wp:featuredmedia":[{"embeddable":true,"href":"https:\/\/tvbelas.com\/tvbelas\/wp-json\/"}],"wp:attachment":[{"href":"https:\/\/tvbelas.com\/tvbelas\/wp-json\/wp\/v2\/media?parent=13144"}],"wp:term":[{"taxonomy":"category","embeddable":true,"href":"https:\/\/tvbelas.com\/tvbelas\/wp-json\/wp\/v2\/categories?post=13144"},{"taxonomy":"post_tag","embeddable":true,"href":"https:\/\/tvbelas.com\/tvbelas\/wp-json\/wp\/v2\/tags?post=13144"}],"curies":[{"name":"wp","href":"https:\/\/api.w.org\/{rel}","templated":true}]}}