{"id":13167,"date":"2021-07-18T18:56:58","date_gmt":"2021-07-18T17:56:58","guid":{"rendered":"http:\/\/tvbelas.com\/tvbelas\/?p=7462"},"modified":"2021-07-18T18:56:58","modified_gmt":"2021-07-18T17:56:58","slug":"presidente-brasileiro-jair-bolsonaro-recebe-alta-hospitalar-2","status":"publish","type":"post","link":"https:\/\/tvbelas.com\/tvbelas\/noticias\/internacional\/presidente-brasileiro-jair-bolsonaro-recebe-alta-hospitalar-2\/","title":{"rendered":"PRESIDENTE BRASILEIRO JAIR BOLSONARO RECEBE ALTA HOSPITALAR"},"content":{"rendered":"<p>No comunicado divulgado, l\u00ea-se que o chefe de Estado brasileiro \u201cteve alta hoje do Hospital Vila Nova Star\u201d, onde estava internado desde quarta-feira passada para \u201ctratar um quadro de suboclus\u00e3o intestinal\u201d.<\/p>\n<p>O Presidente brasileiro \u201cseguir\u00e1 com acompanhamento ambulat\u00f3rio pela equipa m\u00e9dica assistente\u201d.<\/p>\n<p>Bolsonaro, de 66 anos, deu entrada no Hospital das For\u00e7as Armadas na manh\u00e3 de quarta-feira, em Bras\u00edlia, ap\u00f3s sentir dores abdominais durante a madrugada.<\/p>\n<p>Posteriormente, o Presidente brasileiro foi transferido de Bras\u00edlia para um hospital de S\u00e3o Paulo, num avi\u00e3o da For\u00e7a A\u00e9rea Brasileira, para ser avaliada a necessidade de passar por uma cirurgia de emerg\u00eancia, depois de lhe ter sido diagnosticada uma obstru\u00e7\u00e3o intestinal.<\/p>\n<p>Em causa estava uma crise de solu\u00e7os que o afecta h\u00e1 mais de uma semana e que lhe causou dores, de acordo com a Secretaria Especial de Comunica\u00e7\u00e3o do Governo.<\/p>\n<p>O chefe de Estado brasileiro atribuiu ao ataque \u00e0 facada que sofreu em 2018, em Juiz de Fora, no Estado de Minas Gerais, durante a campanha eleitoral, os problemas de sa\u00fade que enfrenta.<\/p>\n<p>Desde que assumiu o cargo presidencial, em Janeiro de 2019, Bolsonaro teve v\u00e1rios problemas de sa\u00fade decorrentes do esfaqueamento, tendo passado por v\u00e1rias cirurgias.<\/p>\n<p>&nbsp;<\/p>\n","protected":false},"excerpt":{"rendered":"<p>No comunicado divulgado, l\u00ea-se que o chefe de Estado brasileiro \u201cteve alta hoje do Hospital Vila Nova Star\u201d, onde estava internado desde quarta-feira passada para \u201ctratar um quadro de suboclus\u00e3o intestinal\u201d. O Presidente brasileiro \u201cseguir\u00e1 com acompanhamento ambulat\u00f3rio pela equipa m\u00e9dica assistente\u201d. Bolsonaro, de 66 anos, deu entrada no Hospital das For\u00e7as Armadas na manh\u00e3 [&hellip;]<\/p>\n","protected":false},"author":1,"featured_media":7303,"comment_status":"open","ping_status":"open","sticky":false,"template":"","format":"standard","meta":{"footnotes":""},"categories":[22],"tags":[],"class_list":{"0":"post-13167","1":"post","2":"type-post","3":"status-publish","4":"format-standard","5":"has-post-thumbnail","7":"category-internacional"},"amp_enabled":true,"_links":{"self":[{"href":"https:\/\/tvbelas.com\/tvbelas\/wp-json\/wp\/v2\/posts\/13167","targetHints":{"allow":["GET"]}}],"collection":[{"href":"https:\/\/tvbelas.com\/tvbelas\/wp-json\/wp\/v2\/posts"}],"about":[{"href":"https:\/\/tvbelas.com\/tvbelas\/wp-json\/wp\/v2\/types\/post"}],"author":[{"embeddable":true,"href":"https:\/\/tvbelas.com\/tvbelas\/wp-json\/wp\/v2\/users\/1"}],"replies":[{"embeddable":true,"href":"https:\/\/tvbelas.com\/tvbelas\/wp-json\/wp\/v2\/comments?post=13167"}],"version-history":[{"count":0,"href":"https:\/\/tvbelas.com\/tvbelas\/wp-json\/wp\/v2\/posts\/13167\/revisions"}],"wp:featuredmedia":[{"embeddable":true,"href":"https:\/\/tvbelas.com\/tvbelas\/wp-json\/"}],"wp:attachment":[{"href":"https:\/\/tvbelas.com\/tvbelas\/wp-json\/wp\/v2\/media?parent=13167"}],"wp:term":[{"taxonomy":"category","embeddable":true,"href":"https:\/\/tvbelas.com\/tvbelas\/wp-json\/wp\/v2\/categories?post=13167"},{"taxonomy":"post_tag","embeddable":true,"href":"https:\/\/tvbelas.com\/tvbelas\/wp-json\/wp\/v2\/tags?post=13167"}],"curies":[{"name":"wp","href":"https:\/\/api.w.org\/{rel}","templated":true}]}}