{"id":13179,"date":"2021-07-26T19:59:14","date_gmt":"2021-07-26T18:59:14","guid":{"rendered":"http:\/\/tvbelas.com\/tvbelas\/?p=7593"},"modified":"2021-07-26T19:59:14","modified_gmt":"2021-07-26T18:59:14","slug":"projecto-desportivo-e-social-da-escola-macovi-celebrou-neste-26-07-o-seu-22o-aniversario-2","status":"publish","type":"post","link":"https:\/\/tvbelas.com\/tvbelas\/noticias\/desporto\/projecto-desportivo-e-social-da-escola-macovi-celebrou-neste-26-07-o-seu-22o-aniversario-2\/","title":{"rendered":"PROJECTO DESPORTIVO E SOCIAL DA ESCOLA MACOVI CELEBROU NESTE 26.07 O SEU 22\u00ba ANIVERS\u00c1RIO"},"content":{"rendered":"<p>Fundada a 26 de Julho de 1999, a Escola Sport Club Macovi completou nesta 2\u00aafeira 22 anos ao servi\u00e7o da massifica\u00e7\u00e3o, desenvolvimento do desporto nas comunidades e no combate \u00e0 delinqu\u00eancia juvenil.<br \/>\nO gestor desportivo Correia Mbeco Victor, presidente e fundador do clube, dirigiu uma Mensagem , aos atletas, associados e ao publico em geral onde pode ler:<br \/>\nHoje celebramos o 22\u00b0Anivers\u00e1rio da escola Macovi Sport club,26.07.99\/26.07.2021.ao servi\u00e7o do desportos nas Comunidades no combate a Delinqu\u00eancia juvenil.<br \/>\nAbra\u00e7amos um projeto comunit\u00e1rio cheio de desafios num club com uma vitalidade invulgar.<br \/>\nSem grande festejos, importa assinalar mas uma etapa que ao mesmo tempo deve representar um espa\u00e7o de reflex\u00e3o e analise.um tempo em que mas do que fazer balan\u00e7os, deve ser de afirma\u00e7\u00e3o, pois s\u00f3 desta forma poderemos aspirar em ser um club maior e melhor em prol do Desenvolvimento da nossa comunidade.<br \/>\nN\u00e3o esquecemos o passado de onde viemos e quem somos, as nossas incr\u00edveis fa\u00e7anhas, permitem propelir a nossa identidade.<br \/>\nA escola Macovi Sport club \u00e9 feito de muita ra\u00e7a de querer, de sonhar de muita coragem, \u00e9 feita de muitos nomes e de vontade, sacrif\u00edcios e de muito amor.<br \/>\nEstamos cientes das enormes dificuldades das que ja tivemos de vencer e das que iremos ter ainda para vencer, unidos somos a soma de todas as vontades e ser\u00e1 esta uni\u00e3o e vontade de que nos guiar\u00e1 de Victoria em Victoria em prol de uma causa.<br \/>\nTermino esta Mensagem, com uma palavra aos nossos membros, s\u00f3cios, amigos. atletas, dirigentes das 11 modalidades e muito particular os nossos patrocinadores, Empresa Sa\u00edgas, Jonce Constru\u00e7\u00f5es e os apoios pontuais das empresas, Unitel, Monte kamel e Ticomar, no nosso club o lugar mas importante \u00e9 o vosso.<br \/>\nVosseis s\u00e3o a alma e a raz\u00e3o de ser da Macovi Sport Club. O maior patrim\u00f4nio ser\u00e3o sempre vosseis, sem vosseis n\u00e3o ter\u00edamos almejado at\u00e9 aqui, nem poder\u00edamos aspirar e continuar daqui para a frente.<br \/>\nUma homenagem em mem\u00f3ria a Dona Maria da Concei\u00e7\u00e3o Sebasti\u00e3o Victor&#8221;Avo S\u00e3o Victor&#8221;o Sr. Louren\u00e7o, Ana Victor e M\u00e1rio Domingos sou p citar ,Secretaria Geral, Presidente da Assembleia geral, Vice Presidente e Respons\u00e1vel da Macovi Golfe.<br \/>\nParab\u00e9ns Macovi Sport Club<br \/>\nVivaaa a Macovi Sport Club<br \/>\nViva ao desporto nas comunidades<br \/>\nJuntos Somos mais fortes<br \/>\nEste \u00e9 na integra o teor da mensagem de Marceliano Correia Victor &#8220;Mbeco&#8221; Presidente da escola Macovi Sport Club que movimenta as modalidades de xadrez, karat\u00e9, judo, ciclismo, futsal, andebol e basquetebol, localizada no Neves Bendinha.<br \/>\nPor ocasi\u00e3o da data a Administra\u00e7\u00e3o do Distrito felicitou atrav\u00e9s de uma mensagem Escola Macov pela celebra\u00e7\u00e3o do vig\u00e9simo segundo (22\u00b0) Anivers\u00e1rio.<br \/>\nO teor transcrevemos: O Distrito agradece o empenho e dedica\u00e7\u00e3o da Escola Macov Sport Club, desde 26.07.99, at\u00e9 a presente data, tendo em conta a sua Nobre miss\u00e3o nos servi\u00e7os do desporto nas comunidades, no combate \u00e0 delinqu\u00eancia juvenil e na propaga\u00e7\u00e3o da sa\u00fade, porque desporto \u00e9 sa\u00fade.<br \/>\nA Administra\u00e7\u00e3o congratula-se, por t\u00ea-la como parceira no Distrito, contribuindo tamb\u00e9m no desenvolvimento da nossa comunidade.<br \/>\nO colectivo do Distrito e comunidade em geral, parabeniza e agradece a Escola Macov no geral e ao Exmo. Senhor Presidente da Escola, Marcelino Correia Victor em particular, que igualmente hoje completa mais uma risonha primavera????????????????<br \/>\nBEM HAJA<br \/>\nNeves Bendinha, aos 26 de Julho de 2021.<br \/>\n\u201cNeves Bendinha, pelo resgate da identidade\u201d<\/p>\n","protected":false},"excerpt":{"rendered":"<p>Fundada a 26 de Julho de 1999, a Escola Sport Club Macovi completou nesta 2\u00aafeira 22 anos ao servi\u00e7o da massifica\u00e7\u00e3o, desenvolvimento do desporto nas comunidades e no combate \u00e0 delinqu\u00eancia juvenil. O gestor desportivo Correia Mbeco Victor, presidente e fundador do clube, dirigiu uma Mensagem , aos atletas, associados e ao publico em geral [&hellip;]<\/p>\n","protected":false},"author":1,"featured_media":7607,"comment_status":"open","ping_status":"open","sticky":false,"template":"","format":"gallery","meta":{"footnotes":""},"categories":[19],"tags":[],"class_list":{"0":"post-13179","1":"post","2":"type-post","3":"status-publish","4":"format-gallery","5":"has-post-thumbnail","7":"category-desporto","8":"post_format-post-format-gallery"},"amp_enabled":true,"_links":{"self":[{"href":"https:\/\/tvbelas.com\/tvbelas\/wp-json\/wp\/v2\/posts\/13179","targetHints":{"allow":["GET"]}}],"collection":[{"href":"https:\/\/tvbelas.com\/tvbelas\/wp-json\/wp\/v2\/posts"}],"about":[{"href":"https:\/\/tvbelas.com\/tvbelas\/wp-json\/wp\/v2\/types\/post"}],"author":[{"embeddable":true,"href":"https:\/\/tvbelas.com\/tvbelas\/wp-json\/wp\/v2\/users\/1"}],"replies":[{"embeddable":true,"href":"https:\/\/tvbelas.com\/tvbelas\/wp-json\/wp\/v2\/comments?post=13179"}],"version-history":[{"count":0,"href":"https:\/\/tvbelas.com\/tvbelas\/wp-json\/wp\/v2\/posts\/13179\/revisions"}],"wp:featuredmedia":[{"embeddable":true,"href":"https:\/\/tvbelas.com\/tvbelas\/wp-json\/"}],"wp:attachment":[{"href":"https:\/\/tvbelas.com\/tvbelas\/wp-json\/wp\/v2\/media?parent=13179"}],"wp:term":[{"taxonomy":"category","embeddable":true,"href":"https:\/\/tvbelas.com\/tvbelas\/wp-json\/wp\/v2\/categories?post=13179"},{"taxonomy":"post_tag","embeddable":true,"href":"https:\/\/tvbelas.com\/tvbelas\/wp-json\/wp\/v2\/tags?post=13179"}],"curies":[{"name":"wp","href":"https:\/\/api.w.org\/{rel}","templated":true}]}}