{"id":13192,"date":"2021-08-08T21:52:53","date_gmt":"2021-08-08T20:52:53","guid":{"rendered":"http:\/\/tvbelas.com\/tvbelas\/?p=7902"},"modified":"2021-08-08T21:52:53","modified_gmt":"2021-08-08T20:52:53","slug":"covid-19-angola-regista-70-novos-casos-e-43-pacientes-recuperados-2","status":"publish","type":"post","link":"https:\/\/tvbelas.com\/tvbelas\/noticias\/saude\/covid-19-angola-regista-70-novos-casos-e-43-pacientes-recuperados-2\/","title":{"rendered":"COVID-19: ANGOLA REGISTA 70 NOVOS CASOS E 43 PACIENTES RECUPERADOS"},"content":{"rendered":"<p>Segundo o informe sanit\u00e1rio di\u00e1rio, 17 foram diagnosticados no Cunene, 16 em Luanda, 10 no Namibe, 9 no Moxico, 6 no zaire, 4 na Hu\u00edla, 4 na Lunda Sul, 2 em Benguela, 2 no Bi\u00e9 e 1 em Malanje.<\/p>\n<p>Entre os novos pacientes, cujas idades variam dos 6 meses aos 96 anos, est\u00e3o 47 do sexo masculino e 43 do sexo feminino.<\/p>\n<p>Os \u00f3bitos foram registados nas prov\u00edncias do Cunene, com 2, Hu\u00edla, Lunda Sul e Moxico, cada com um 1, respectivamente.<\/p>\n<p>Os recuperados, conforme o documento, residem nas prov\u00edncias do Cunene, com 20, Mox\u00edco, com 20, e Hu\u00edla, com 3.<\/p>\n<p>Os laborat\u00f3rios processaram, nas \u00faltimas 24 horas, 962 amostras.<\/p>\n<p>Nos centros de quarentena institucionais est\u00e3o 217 pessoas, enquanto 219 pacientes recebem tratamentos nas unidades sanit\u00e1rias.<\/p>\n<p>Em vigil\u00e2ncia epidemiol\u00f3gica est\u00e3o 806 contactos de casos positivos.<\/p>\n<p>O pa\u00eds conta, actualmente, com 43.662 casos positivos, com 1.049 \u00f3bitos, 40.122 pacientes recuperados e 2.491 casos activos. Dos activos, 13 s\u00e3o cr\u00edticos, 16 graves, 96 moderados, 8 leves e 2.362 assintom\u00e1ticos.<\/p>\n","protected":false},"excerpt":{"rendered":"<p>Segundo o informe sanit\u00e1rio di\u00e1rio, 17 foram diagnosticados no Cunene, 16 em Luanda, 10 no Namibe, 9 no Moxico, 6 no zaire, 4 na Hu\u00edla, 4 na Lunda Sul, 2 em Benguela, 2 no Bi\u00e9 e 1 em Malanje. Entre os novos pacientes, cujas idades variam dos 6 meses aos 96 anos, est\u00e3o 47 do [&hellip;]<\/p>\n","protected":false},"author":1,"featured_media":7478,"comment_status":"open","ping_status":"open","sticky":false,"template":"","format":"standard","meta":{"footnotes":""},"categories":[14],"tags":[],"class_list":{"0":"post-13192","1":"post","2":"type-post","3":"status-publish","4":"format-standard","5":"has-post-thumbnail","7":"category-saude"},"amp_enabled":true,"_links":{"self":[{"href":"https:\/\/tvbelas.com\/tvbelas\/wp-json\/wp\/v2\/posts\/13192","targetHints":{"allow":["GET"]}}],"collection":[{"href":"https:\/\/tvbelas.com\/tvbelas\/wp-json\/wp\/v2\/posts"}],"about":[{"href":"https:\/\/tvbelas.com\/tvbelas\/wp-json\/wp\/v2\/types\/post"}],"author":[{"embeddable":true,"href":"https:\/\/tvbelas.com\/tvbelas\/wp-json\/wp\/v2\/users\/1"}],"replies":[{"embeddable":true,"href":"https:\/\/tvbelas.com\/tvbelas\/wp-json\/wp\/v2\/comments?post=13192"}],"version-history":[{"count":0,"href":"https:\/\/tvbelas.com\/tvbelas\/wp-json\/wp\/v2\/posts\/13192\/revisions"}],"wp:featuredmedia":[{"embeddable":true,"href":"https:\/\/tvbelas.com\/tvbelas\/wp-json\/"}],"wp:attachment":[{"href":"https:\/\/tvbelas.com\/tvbelas\/wp-json\/wp\/v2\/media?parent=13192"}],"wp:term":[{"taxonomy":"category","embeddable":true,"href":"https:\/\/tvbelas.com\/tvbelas\/wp-json\/wp\/v2\/categories?post=13192"},{"taxonomy":"post_tag","embeddable":true,"href":"https:\/\/tvbelas.com\/tvbelas\/wp-json\/wp\/v2\/tags?post=13192"}],"curies":[{"name":"wp","href":"https:\/\/api.w.org\/{rel}","templated":true}]}}