{"id":13197,"date":"2021-08-12T21:18:09","date_gmt":"2021-08-12T20:18:09","guid":{"rendered":"http:\/\/tvbelas.com\/tvbelas\/?p=7972"},"modified":"2021-08-12T21:18:09","modified_gmt":"2021-08-12T20:18:09","slug":"vice-presidente-do-mpla-luisa-damiao-admite-eleicoes-muito-disputadas-em-2022-2","status":"publish","type":"post","link":"https:\/\/tvbelas.com\/tvbelas\/noticias\/politica-angola\/vice-presidente-do-mpla-luisa-damiao-admite-eleicoes-muito-disputadas-em-2022-2\/","title":{"rendered":"VICE-PRESIDENTE DO MPLA LU\u00cdSA DAMI\u00c3O ADMITE ELEI\u00c7\u00d5ES \u201cMUITO DISPUTADAS\u201d EM 2022"},"content":{"rendered":"<p>A dirigente partid\u00e1ria fez essas declara\u00e7\u00f5es durante uma visita que efectuou aos comit\u00e9s provinciais do MPLA, da JMPLA (bra\u00e7o juvenil do partido) e da OMA (organiza\u00e7\u00e3o feminina) em Luanda.<\/p>\n<p>Disse, contudo, que apesar desse desiderato, o MPLA\u00a0vai utilizar todas as ferramentas \u00e0 sua disposi\u00e7\u00e3o para garantir a vit\u00f3ria do partido e do seu l\u00edder.<\/p>\n<p>Para o efeito, Lu\u00edsa Dami\u00e3o ser imperioso trabalhar na antecipa\u00e7\u00e3o e transmitir mensagens correctas, principalmente aos jovens, uma vez que alguns dos quais ir\u00e3o votar pela primeira vez em elei\u00e7\u00f5es do g\u00e9nero.<\/p>\n<p>Afirmou que ao longo da sua exist\u00eancia, o MPLA, que comemora 65 anos em 10 de Dezembro deste ano, sempre caminhou na senda de vit\u00f3rias, com uma traject\u00f3ria de luta, sacrif\u00edcios e desafios.<\/p>\n<p>Acrescentou que os militantes t\u00eam a responsabilidade de continuar a manter o partido no rumo das conquistas, sendo, para tal, necess\u00e1rio muito trabalho, organiza\u00e7\u00e3o, disciplina, articula\u00e7\u00e3o e comprometimento.<\/p>\n<p>A vice-presidente disse que o congresso do MPLA, a realizar-se este ano, vai\u00a0reafirmar a lideran\u00e7a do presidente do partido, Jo\u00e3o Louren\u00e7o, e\u00a0afinar a m\u00e1quina para vencer as pr\u00f3ximas elei\u00e7\u00f5es gerais.<\/p>\n","protected":false},"excerpt":{"rendered":"<p>A dirigente partid\u00e1ria fez essas declara\u00e7\u00f5es durante uma visita que efectuou aos comit\u00e9s provinciais do MPLA, da JMPLA (bra\u00e7o juvenil do partido) e da OMA (organiza\u00e7\u00e3o feminina) em Luanda. Disse, contudo, que apesar desse desiderato, o MPLA\u00a0vai utilizar todas as ferramentas \u00e0 sua disposi\u00e7\u00e3o para garantir a vit\u00f3ria do partido e do seu l\u00edder. Para [&hellip;]<\/p>\n","protected":false},"author":1,"featured_media":7974,"comment_status":"open","ping_status":"open","sticky":false,"template":"","format":"standard","meta":{"footnotes":""},"categories":[12],"tags":[],"class_list":{"0":"post-13197","1":"post","2":"type-post","3":"status-publish","4":"format-standard","5":"has-post-thumbnail","7":"category-politica-angola"},"amp_enabled":true,"_links":{"self":[{"href":"https:\/\/tvbelas.com\/tvbelas\/wp-json\/wp\/v2\/posts\/13197","targetHints":{"allow":["GET"]}}],"collection":[{"href":"https:\/\/tvbelas.com\/tvbelas\/wp-json\/wp\/v2\/posts"}],"about":[{"href":"https:\/\/tvbelas.com\/tvbelas\/wp-json\/wp\/v2\/types\/post"}],"author":[{"embeddable":true,"href":"https:\/\/tvbelas.com\/tvbelas\/wp-json\/wp\/v2\/users\/1"}],"replies":[{"embeddable":true,"href":"https:\/\/tvbelas.com\/tvbelas\/wp-json\/wp\/v2\/comments?post=13197"}],"version-history":[{"count":0,"href":"https:\/\/tvbelas.com\/tvbelas\/wp-json\/wp\/v2\/posts\/13197\/revisions"}],"wp:featuredmedia":[{"embeddable":true,"href":"https:\/\/tvbelas.com\/tvbelas\/wp-json\/"}],"wp:attachment":[{"href":"https:\/\/tvbelas.com\/tvbelas\/wp-json\/wp\/v2\/media?parent=13197"}],"wp:term":[{"taxonomy":"category","embeddable":true,"href":"https:\/\/tvbelas.com\/tvbelas\/wp-json\/wp\/v2\/categories?post=13197"},{"taxonomy":"post_tag","embeddable":true,"href":"https:\/\/tvbelas.com\/tvbelas\/wp-json\/wp\/v2\/tags?post=13197"}],"curies":[{"name":"wp","href":"https:\/\/api.w.org\/{rel}","templated":true}]}}