{"id":13198,"date":"2021-08-14T08:45:54","date_gmt":"2021-08-14T07:45:54","guid":{"rendered":"http:\/\/tvbelas.com\/tvbelas\/?p=7984"},"modified":"2021-08-14T08:45:54","modified_gmt":"2021-08-14T07:45:54","slug":"angola-reencontra-pela-terceira-vez-consecuitiva-a-eslovenia-na-fase-de-grupos-de-um-mundial-senior-feminino-de-andebol-2","status":"publish","type":"post","link":"https:\/\/tvbelas.com\/tvbelas\/noticias\/desporto\/angola-reencontra-pela-terceira-vez-consecuitiva-a-eslovenia-na-fase-de-grupos-de-um-mundial-senior-feminino-de-andebol-2\/","title":{"rendered":"ANGOLA REENCONTRA PELA TERCEIRA VEZ CONSECUITIVA A ESLOV\u00c9NIA NA FASE DE GRUPOS DE UM MUNDIAL S\u00c9NIOR FEMININO DE ANDEBOL"},"content":{"rendered":"<p>A Selec\u00e7\u00e3o Nacional s\u00e9nior feminina de andebol reencontra, pela terceira vez consecutiva, a similar da Eslov\u00e9nia na fase de grupos de um Campeonato do Mundo, desta a disputar-se de 2 a 19 de Dezembro em Espanha.<\/p>\n<p>No entanto, no c\u00f4mputo geral, \u00e9 a quarta edi\u00e7\u00e3o em que as campe\u00e3s africanas defrontam a oponente nesta etapa da competi\u00e7\u00e3o, com saldo de uma vit\u00f3ria em duas derrotas.<br \/>\nAs p\u00e9rolas africanas triunfaram na R\u00fassia`2005 (28-27) e consentiram derrotas na Alemanha`2017 (25-32) e Jap\u00e3o`2019 (24-33).<br \/>\nSorteado, na cidade espanhola de Castello, a prova colocou igualmente no grupo de Angola as selec\u00e7\u00f5es de Fran\u00e7a e de Montenegro. Com esta \u00faltima perdeu no mundial do Brasil`2011 (26-28) e da Dinamarca`2015 (28-38).<br \/>\nMais recentemente, o combinado nacional baqueou diante das montenegrinas, por 22-33, nos Jogos Ol\u00edmpicos de T\u00f3quio`2020.<br \/>\nAngola e Fran\u00e7a defrontaram-se apenas uma vez na fase de grupos desde 1990, o desafio ocorreu na Alemanha`2017 com a qual perdera por 19-29.<br \/>\nNo \u00faltimo Campeonato do Mundo, disputado em 2019, no Jap\u00e3o, as campe\u00e3s continentais ocuparam a 15\u00aa posi\u00e7\u00e3o, com os pa\u00edses Baixos (ex &#8211; Holanda) a conquistarem o ceptro.<\/p>\n","protected":false},"excerpt":{"rendered":"<p>A Selec\u00e7\u00e3o Nacional s\u00e9nior feminina de andebol reencontra, pela terceira vez consecutiva, a similar da Eslov\u00e9nia na fase de grupos de um Campeonato do Mundo, desta a disputar-se de 2 a 19 de Dezembro em Espanha. No entanto, no c\u00f4mputo geral, \u00e9 a quarta edi\u00e7\u00e3o em que as campe\u00e3s africanas defrontam a oponente nesta etapa [&hellip;]<\/p>\n","protected":false},"author":1,"featured_media":7555,"comment_status":"open","ping_status":"open","sticky":false,"template":"","format":"standard","meta":{"footnotes":""},"categories":[19],"tags":[],"class_list":{"0":"post-13198","1":"post","2":"type-post","3":"status-publish","4":"format-standard","5":"has-post-thumbnail","7":"category-desporto"},"amp_enabled":true,"_links":{"self":[{"href":"https:\/\/tvbelas.com\/tvbelas\/wp-json\/wp\/v2\/posts\/13198","targetHints":{"allow":["GET"]}}],"collection":[{"href":"https:\/\/tvbelas.com\/tvbelas\/wp-json\/wp\/v2\/posts"}],"about":[{"href":"https:\/\/tvbelas.com\/tvbelas\/wp-json\/wp\/v2\/types\/post"}],"author":[{"embeddable":true,"href":"https:\/\/tvbelas.com\/tvbelas\/wp-json\/wp\/v2\/users\/1"}],"replies":[{"embeddable":true,"href":"https:\/\/tvbelas.com\/tvbelas\/wp-json\/wp\/v2\/comments?post=13198"}],"version-history":[{"count":0,"href":"https:\/\/tvbelas.com\/tvbelas\/wp-json\/wp\/v2\/posts\/13198\/revisions"}],"wp:featuredmedia":[{"embeddable":true,"href":"https:\/\/tvbelas.com\/tvbelas\/wp-json\/"}],"wp:attachment":[{"href":"https:\/\/tvbelas.com\/tvbelas\/wp-json\/wp\/v2\/media?parent=13198"}],"wp:term":[{"taxonomy":"category","embeddable":true,"href":"https:\/\/tvbelas.com\/tvbelas\/wp-json\/wp\/v2\/categories?post=13198"},{"taxonomy":"post_tag","embeddable":true,"href":"https:\/\/tvbelas.com\/tvbelas\/wp-json\/wp\/v2\/tags?post=13198"}],"curies":[{"name":"wp","href":"https:\/\/api.w.org\/{rel}","templated":true}]}}