{"id":13199,"date":"2021-08-14T18:53:56","date_gmt":"2021-08-14T17:53:56","guid":{"rendered":"http:\/\/tvbelas.com\/tvbelas\/?p=8026"},"modified":"2021-08-14T18:53:56","modified_gmt":"2021-08-14T17:53:56","slug":"automobilismo-angolano-vai-correr-no-kalahari-rally2021-2","status":"publish","type":"post","link":"https:\/\/tvbelas.com\/tvbelas\/noticias\/desporto\/automobilismo-angolano-vai-correr-no-kalahari-rally2021-2\/","title":{"rendered":"AUTOMOBILISMO ANGOLANO VAI CORRER NO KALAHARI RALLY\u00b42021"},"content":{"rendered":"<p>A representa\u00e7\u00e3o nacional Rally Raid Angola Team confirmou a sua participa\u00e7\u00e3o na terceira edi\u00e7\u00e3o do Kalahari Rally, a decorrer de 3 e 10 de Setembro, na \u00c1frica do Sul.<br \/>\nA disputar-se no m\u00edtico deserto do Kalahari, a participa\u00e7\u00e3o no Kalahari Rally garantir\u00e1 a elegibilidade para a prova rainha do todo o terreno internacional, o Dakar Rally\u00b42024, diz uma nota do Angola Rally Team.<br \/>\nA dupla nacional ao evento, constitu\u00edda por Jo\u00e3o Lota (Piloto) e Nuno Santos (navegador), enfrentar\u00e1 etapas com dist\u00e2ncias superiores a 900 km, numa competi\u00e7\u00e3o encarada como o desafio ideal para o in\u00edcio da campanha.<br \/>\nA equipa det\u00e9m j\u00e1 v\u00e1rias internacionaliza\u00e7\u00f5es no seu palmar\u00e9s, desde 2012 que participa regularmente no Campeonato Angolano de Rally Raid (CARR), tendo comemorado por tr\u00eas vezes o t\u00edtulo de campe\u00e3 nacional da classe SSV.<br \/>\nObteve j\u00e1 um 2\u00ba lugar numa prova do campeonato do mundo de Bajas, em 2014.<br \/>\nAl\u00e9m das dist\u00e2ncias, outro desafio ser\u00e1 a navega\u00e7\u00e3o, raz\u00e3o pela qual os dois concorrentes participaram em Julho \u00faltimo de um treino intensivo com o piloto portugu\u00eas Pedro Bianchi Prata, antigo director assistente da equipa oficial Honda, 10 vezes finalista do Rally Dakar e 4\u00ba classificado na categoria SSV em 2020.<br \/>\nA Angola Rally Team est\u00e1 inscrita na categoria SXS, com uma viatura CAN AM Maverick X3. Contar\u00e1 com o servi\u00e7o de assist\u00eancia da equipa sul-africana \u201cMOTO-NETIX\u201d, vencedora da 2\u00ba edi\u00e7\u00e3o do Kalahari Rally e campe\u00e3 sul-africana de todo o terreno, em 2019.<\/p>\n","protected":false},"excerpt":{"rendered":"<p>A representa\u00e7\u00e3o nacional Rally Raid Angola Team confirmou a sua participa\u00e7\u00e3o na terceira edi\u00e7\u00e3o do Kalahari Rally, a decorrer de 3 e 10 de Setembro, na \u00c1frica do Sul. A disputar-se no m\u00edtico deserto do Kalahari, a participa\u00e7\u00e3o no Kalahari Rally garantir\u00e1 a elegibilidade para a prova rainha do todo o terreno internacional, o Dakar [&hellip;]<\/p>\n","protected":false},"author":1,"featured_media":8033,"comment_status":"open","ping_status":"open","sticky":false,"template":"","format":"gallery","meta":{"footnotes":""},"categories":[19],"tags":[],"class_list":{"0":"post-13199","1":"post","2":"type-post","3":"status-publish","4":"format-gallery","5":"has-post-thumbnail","7":"category-desporto","8":"post_format-post-format-gallery"},"amp_enabled":true,"_links":{"self":[{"href":"https:\/\/tvbelas.com\/tvbelas\/wp-json\/wp\/v2\/posts\/13199","targetHints":{"allow":["GET"]}}],"collection":[{"href":"https:\/\/tvbelas.com\/tvbelas\/wp-json\/wp\/v2\/posts"}],"about":[{"href":"https:\/\/tvbelas.com\/tvbelas\/wp-json\/wp\/v2\/types\/post"}],"author":[{"embeddable":true,"href":"https:\/\/tvbelas.com\/tvbelas\/wp-json\/wp\/v2\/users\/1"}],"replies":[{"embeddable":true,"href":"https:\/\/tvbelas.com\/tvbelas\/wp-json\/wp\/v2\/comments?post=13199"}],"version-history":[{"count":0,"href":"https:\/\/tvbelas.com\/tvbelas\/wp-json\/wp\/v2\/posts\/13199\/revisions"}],"wp:featuredmedia":[{"embeddable":true,"href":"https:\/\/tvbelas.com\/tvbelas\/wp-json\/"}],"wp:attachment":[{"href":"https:\/\/tvbelas.com\/tvbelas\/wp-json\/wp\/v2\/media?parent=13199"}],"wp:term":[{"taxonomy":"category","embeddable":true,"href":"https:\/\/tvbelas.com\/tvbelas\/wp-json\/wp\/v2\/categories?post=13199"},{"taxonomy":"post_tag","embeddable":true,"href":"https:\/\/tvbelas.com\/tvbelas\/wp-json\/wp\/v2\/tags?post=13199"}],"curies":[{"name":"wp","href":"https:\/\/api.w.org\/{rel}","templated":true}]}}