{"id":13200,"date":"2021-08-18T00:28:49","date_gmt":"2021-08-17T23:28:49","guid":{"rendered":"http:\/\/tvbelas.com\/tvbelas\/?p=8060"},"modified":"2021-08-18T00:28:49","modified_gmt":"2021-08-17T23:28:49","slug":"sorteado-o-can-2021-a-lusofonia-esta-representada-por-cabo-verde-e-a-guine-bissau-2","status":"publish","type":"post","link":"https:\/\/tvbelas.com\/tvbelas\/noticias\/desporto\/sorteado-o-can-2021-a-lusofonia-esta-representada-por-cabo-verde-e-a-guine-bissau-2\/","title":{"rendered":"SORTEADO O CAN 2021: A LUSOFONIA ESTA REPRESENTADA POR CABO VERDE E A GUIN\u00c9-BISSAU"},"content":{"rendered":"<p>A 33.\u00aa edi\u00e7\u00e3o da Ta\u00e7a das Na\u00e7\u00f5es Africanas estava marcada para 2021, mas acabou por ser adiada para 2022<br \/>\nCabo Verde vai enfrentar o anfitri\u00e3o Camar\u00f5es, Burkina Faso e Eti\u00f3pia na Ta\u00e7a das Na\u00e7\u00f5es Africanas, enquanto a Guin\u00e9-Bissau medir\u00e1 for\u00e7as com Egito, sete vezes campe\u00e3o, Nig\u00e9ria e Sud\u00e3o, ditou o sorteio.<br \/>\nInserida no grupo A, a equipa orientada por Pedro Leit\u00e3o Brito, que estar\u00e1 pela terceira vez na fase final do torneio, inicia a campanha na capital camaronesa diante da Eti\u00f3pia, em 09 de janeiro, seguindo-se Burkina Faso (13) e Camar\u00f5es (17), campe\u00e3o africano em cinco ocasi\u00f5es.<br \/>\nJ\u00e1 a Guin\u00e9-Bissau, de Baciro Cand\u00e9, ficou na &#8216;poule&#8217; D, tendo estreia marcada com o Sud\u00e3o (11), antes de debater-se com Egito (15) e Nig\u00e9ria (19), sempre em Garoua.<br \/>\nDestaque para a atual dententora do trof\u00e9u, a Arg\u00e9lia, que enfrentar\u00e1 Costa do Marfim, Serra Leoa e Guin\u00e9 Equatorial no grupo E.<br \/>\nAs 24 sele\u00e7\u00f5es foram divididas em seis grupos, sendo que apenas o primeiro, o segundo e os quatro melhores terceiros classificados avan\u00e7am para a fase a eliminar, os oitavos de final.<br \/>\nA competi\u00e7\u00e3o vai decorrer entre 09 de janeiro e 06 de fevereiro de 2022, nos Camar\u00f5es, 50 anos depois da \u00faltima organiza\u00e7\u00e3o.<br \/>\nA 33.\u00aa edi\u00e7\u00e3o da Ta\u00e7a das Na\u00e7\u00f5es Africanas estava marcada para 2021, mas acabou por ser adiada para 2022 &#8211; apesar de manter a designa\u00e7\u00e3o CAN2021 &#8211; para n\u00e3o coincidir com a Copa Am\u00e9rica e o Euro2020, que foram adiados devido \u00e0 pandemia de covid-19.<\/p>\n","protected":false},"excerpt":{"rendered":"<p>A 33.\u00aa edi\u00e7\u00e3o da Ta\u00e7a das Na\u00e7\u00f5es Africanas estava marcada para 2021, mas acabou por ser adiada para 2022 Cabo Verde vai enfrentar o anfitri\u00e3o Camar\u00f5es, Burkina Faso e Eti\u00f3pia na Ta\u00e7a das Na\u00e7\u00f5es Africanas, enquanto a Guin\u00e9-Bissau medir\u00e1 for\u00e7as com Egito, sete vezes campe\u00e3o, Nig\u00e9ria e Sud\u00e3o, ditou o sorteio. Inserida no grupo A, [&hellip;]<\/p>\n","protected":false},"author":1,"featured_media":8062,"comment_status":"open","ping_status":"open","sticky":false,"template":"","format":"standard","meta":{"footnotes":""},"categories":[19],"tags":[],"class_list":{"0":"post-13200","1":"post","2":"type-post","3":"status-publish","4":"format-standard","5":"has-post-thumbnail","7":"category-desporto"},"amp_enabled":true,"_links":{"self":[{"href":"https:\/\/tvbelas.com\/tvbelas\/wp-json\/wp\/v2\/posts\/13200","targetHints":{"allow":["GET"]}}],"collection":[{"href":"https:\/\/tvbelas.com\/tvbelas\/wp-json\/wp\/v2\/posts"}],"about":[{"href":"https:\/\/tvbelas.com\/tvbelas\/wp-json\/wp\/v2\/types\/post"}],"author":[{"embeddable":true,"href":"https:\/\/tvbelas.com\/tvbelas\/wp-json\/wp\/v2\/users\/1"}],"replies":[{"embeddable":true,"href":"https:\/\/tvbelas.com\/tvbelas\/wp-json\/wp\/v2\/comments?post=13200"}],"version-history":[{"count":0,"href":"https:\/\/tvbelas.com\/tvbelas\/wp-json\/wp\/v2\/posts\/13200\/revisions"}],"wp:featuredmedia":[{"embeddable":true,"href":"https:\/\/tvbelas.com\/tvbelas\/wp-json\/"}],"wp:attachment":[{"href":"https:\/\/tvbelas.com\/tvbelas\/wp-json\/wp\/v2\/media?parent=13200"}],"wp:term":[{"taxonomy":"category","embeddable":true,"href":"https:\/\/tvbelas.com\/tvbelas\/wp-json\/wp\/v2\/categories?post=13200"},{"taxonomy":"post_tag","embeddable":true,"href":"https:\/\/tvbelas.com\/tvbelas\/wp-json\/wp\/v2\/tags?post=13200"}],"curies":[{"name":"wp","href":"https:\/\/api.w.org\/{rel}","templated":true}]}}