{"id":13203,"date":"2021-08-22T19:21:21","date_gmt":"2021-08-22T18:21:21","guid":{"rendered":"http:\/\/tvbelas.com\/tvbelas\/?p=8129"},"modified":"2021-08-22T19:21:21","modified_gmt":"2021-08-22T18:21:21","slug":"sal-improprio-para-o-consumo-e-a-fonte-de-rendimentos-de-muitas-familias-em-benguela","status":"publish","type":"post","link":"https:\/\/tvbelas.com\/tvbelas\/noticias\/desporto\/sal-improprio-para-o-consumo-e-a-fonte-de-rendimentos-de-muitas-familias-em-benguela\/","title":{"rendered":"SAL IMPRO\u0301PRIO PARA O CONSUMO \u00c9 A FONTE DE RENDIMENTOS DE MUITAS FAM\u00cdLIAS  EM BENGUELA"},"content":{"rendered":"<p>Por razo\u0303es de sobrevive\u0302ncia, va\u0301rias fam\u00edlias fazem das antigas salinas do Lobito uma fonte de rendimento, mas ignoram os riscos para a sau\u0301de humana resultantes do consumo de sal sem iodo que extraem para a comercializac\u0327a\u0303o nos mercados, e afirmam que o mesmo n\u00e3o faz mal a ningu\u00e9m<br \/>\nO pretexto de satisfazer necessidades b\u00e1sicas, leva fam\u00edlias aos antigos campos de produ\u00e7\u00e3o de sal do Lobito para sustentar a os seus filhos e muita vez para pagar propinas escolares. Os principais clientes s\u00e3o pescadores artesanais das prov\u00edncias de Benguela e do Cuanza Sul, sobretudo nas \u00e1reas onde h\u00e1 salga de peixe.<br \/>\nO sal extrai\u0301do e\u0301 comercializado sem iodo, sendo, por esta raza\u0303o, impro\u0301prio para o consumo humano. Actualmente, o nego\u0301cio multiplicou-se e va\u0301rios campos ja\u0301 entraram em produc\u0327a\u0303o. Toneladas de sal sa\u0303o retiradas para a comercializac\u0327a\u0303o em todo pais<br \/>\nNo decorrer da reportagem falamos com uma vendedora de sal diz na\u0303o ter conhecimento de casos de pessoas que tenham tido problemas de sau\u0301de derivados do consumo de sal produzido nas salinas . Na sua opinia\u0303o, algumas pessoas procuram o produto porque os prec\u0327os sa\u0303o apelativos. \u201cOs valores que cobramos permitem a qualquer pessoa ter sal em casa\u201d, acentuou a vendedora, admitindo haver clientes que na\u0303o gostam de sal embalado e tratado com iodo, por alegarem que altera o gosto e reduz o apetite.<br \/>\nA campanha de sensibilizac\u0327a\u0303o alerta os cidada\u0303os para a necessidade de verificarem no ro\u0301tulo se o sal que compram e\u0301 ou na\u0303o iodizado, segundo pesquisas apontam que As crianc\u0327as e as mulheres sa\u0303o as mais afectadas por doenc\u0327as resultantes da falta de iodo no organismo humano. (Jornal de Angola)<\/p>\n","protected":false},"excerpt":{"rendered":"<p>Por razo\u0303es de sobrevive\u0302ncia, va\u0301rias fam\u00edlias fazem das antigas salinas do Lobito uma fonte de rendimento, mas ignoram os riscos para a sau\u0301de humana resultantes do consumo de sal sem iodo que extraem para a comercializac\u0327a\u0303o nos mercados, e afirmam que o mesmo n\u00e3o faz mal a ningu\u00e9m O pretexto de satisfazer necessidades b\u00e1sicas, leva [&hellip;]<\/p>\n","protected":false},"author":1,"featured_media":8132,"comment_status":"open","ping_status":"open","sticky":false,"template":"","format":"gallery","meta":{"footnotes":""},"categories":[19],"tags":[],"class_list":{"0":"post-13203","1":"post","2":"type-post","3":"status-publish","4":"format-gallery","5":"has-post-thumbnail","7":"category-desporto","8":"post_format-post-format-gallery"},"amp_enabled":true,"_links":{"self":[{"href":"https:\/\/tvbelas.com\/tvbelas\/wp-json\/wp\/v2\/posts\/13203","targetHints":{"allow":["GET"]}}],"collection":[{"href":"https:\/\/tvbelas.com\/tvbelas\/wp-json\/wp\/v2\/posts"}],"about":[{"href":"https:\/\/tvbelas.com\/tvbelas\/wp-json\/wp\/v2\/types\/post"}],"author":[{"embeddable":true,"href":"https:\/\/tvbelas.com\/tvbelas\/wp-json\/wp\/v2\/users\/1"}],"replies":[{"embeddable":true,"href":"https:\/\/tvbelas.com\/tvbelas\/wp-json\/wp\/v2\/comments?post=13203"}],"version-history":[{"count":0,"href":"https:\/\/tvbelas.com\/tvbelas\/wp-json\/wp\/v2\/posts\/13203\/revisions"}],"wp:featuredmedia":[{"embeddable":true,"href":"https:\/\/tvbelas.com\/tvbelas\/wp-json\/"}],"wp:attachment":[{"href":"https:\/\/tvbelas.com\/tvbelas\/wp-json\/wp\/v2\/media?parent=13203"}],"wp:term":[{"taxonomy":"category","embeddable":true,"href":"https:\/\/tvbelas.com\/tvbelas\/wp-json\/wp\/v2\/categories?post=13203"},{"taxonomy":"post_tag","embeddable":true,"href":"https:\/\/tvbelas.com\/tvbelas\/wp-json\/wp\/v2\/tags?post=13203"}],"curies":[{"name":"wp","href":"https:\/\/api.w.org\/{rel}","templated":true}]}}