{"id":13216,"date":"2021-09-21T17:43:07","date_gmt":"2021-09-21T16:43:07","guid":{"rendered":"http:\/\/tvbelas.com\/tvbelas\/?p=8412"},"modified":"2021-09-21T17:43:07","modified_gmt":"2021-09-21T16:43:07","slug":"o-iaj-em-parceria-com-aajp-realiza-a-1a-conferencia-nacional-sobre-oportunidades-de-negocios-para-os-jovens-no-sector-da-avicultura-2","status":"publish","type":"post","link":"https:\/\/tvbelas.com\/tvbelas\/noticias\/economia-angola\/o-iaj-em-parceria-com-aajp-realiza-a-1a-conferencia-nacional-sobre-oportunidades-de-negocios-para-os-jovens-no-sector-da-avicultura-2\/","title":{"rendered":"O IAJ  EM PARCERIA COM AAJP  REALIZA A 1\u00aa CONFER\u00caNCIA NACIONAL SOBRE OPORTUNIDADES DE NEG\u00d3CIOS  PARA OS JOVENS NO SECTOR DA AVICULTURA"},"content":{"rendered":"<p>A 1\u00aa Confer\u00eancia Nacional sobre Oportunidades de Neg\u00f3cios para os Jovens no sector da Avicultura\u201d<br \/>\nNo \u00e2mbito da materializa\u00e7\u00e3o do Projecto de Orienta\u00e7\u00e3o Econ\u00f3mica da Juventude Angolana, o Instituto Angolano da Juventude, em parceria com a Associa\u00e7\u00e3o Angolana de Jovens Produtores, realiza no dia 23 de Setembro, apartir das 9h00, na Escola Nacional de Administra\u00e7\u00e3o de Pol\u00edticas Pol\u00edticas &#8211; ENAPP; \u201cA 1\u00aa Confer\u00eancia Nacional sobre Oportunidades de Neg\u00f3cios para os Jovens no sector da Avicultura\u201d, com o objectivo de fomentar \u00e0 participa\u00e7\u00e3o dos jovens na produ\u00e7\u00e3o interna e despertar o interesse no investimento nos neg\u00f3cios agro-alimentares;<br \/>\nO Evento, que se destina a jovens produtores, empres\u00e1rios, empreendedores, cooperativas produtivas juvenis e demais interessados ser\u00e1 igualmente transmitido online nas p\u00e1ginas virtuais do Instituto Angolano da Juventude e da Associa\u00e7\u00e3o Angolana de Jovens Produtores.<br \/>\nParticipe:<br \/>\nPara mais informa\u00e7\u00f5es contacte: 929648980\/992102114.<br \/>\ngeral.iaj@minjud.gov.ao<br \/>\nFacebook: institutoangolanodajuventude e<br \/>\nAssocia\u00e7\u00e3o Angolana de Jovens Produtores<br \/>\nOrganiza\u00e7\u00e3o:<br \/>\nInstituto Angolano da Juventude,<br \/>\nAssocia\u00e7\u00e3o Angolana de Jovens Produtores<br \/>\nApoio:<br \/>\nMinist\u00e9rio da Juventude e Desportos,<br \/>\nGoverno de Angola.<\/p>\n","protected":false},"excerpt":{"rendered":"<p>A 1\u00aa Confer\u00eancia Nacional sobre Oportunidades de Neg\u00f3cios para os Jovens no sector da Avicultura\u201d No \u00e2mbito da materializa\u00e7\u00e3o do Projecto de Orienta\u00e7\u00e3o Econ\u00f3mica da Juventude Angolana, o Instituto Angolano da Juventude, em parceria com a Associa\u00e7\u00e3o Angolana de Jovens Produtores, realiza no dia 23 de Setembro, apartir das 9h00, na Escola Nacional de Administra\u00e7\u00e3o [&hellip;]<\/p>\n","protected":false},"author":1,"featured_media":8415,"comment_status":"open","ping_status":"open","sticky":false,"template":"","format":"gallery","meta":{"footnotes":""},"categories":[20],"tags":[],"class_list":{"0":"post-13216","1":"post","2":"type-post","3":"status-publish","4":"format-gallery","5":"has-post-thumbnail","7":"category-economia-angola","8":"post_format-post-format-gallery"},"amp_enabled":true,"_links":{"self":[{"href":"https:\/\/tvbelas.com\/tvbelas\/wp-json\/wp\/v2\/posts\/13216","targetHints":{"allow":["GET"]}}],"collection":[{"href":"https:\/\/tvbelas.com\/tvbelas\/wp-json\/wp\/v2\/posts"}],"about":[{"href":"https:\/\/tvbelas.com\/tvbelas\/wp-json\/wp\/v2\/types\/post"}],"author":[{"embeddable":true,"href":"https:\/\/tvbelas.com\/tvbelas\/wp-json\/wp\/v2\/users\/1"}],"replies":[{"embeddable":true,"href":"https:\/\/tvbelas.com\/tvbelas\/wp-json\/wp\/v2\/comments?post=13216"}],"version-history":[{"count":0,"href":"https:\/\/tvbelas.com\/tvbelas\/wp-json\/wp\/v2\/posts\/13216\/revisions"}],"wp:featuredmedia":[{"embeddable":true,"href":"https:\/\/tvbelas.com\/tvbelas\/wp-json\/"}],"wp:attachment":[{"href":"https:\/\/tvbelas.com\/tvbelas\/wp-json\/wp\/v2\/media?parent=13216"}],"wp:term":[{"taxonomy":"category","embeddable":true,"href":"https:\/\/tvbelas.com\/tvbelas\/wp-json\/wp\/v2\/categories?post=13216"},{"taxonomy":"post_tag","embeddable":true,"href":"https:\/\/tvbelas.com\/tvbelas\/wp-json\/wp\/v2\/tags?post=13216"}],"curies":[{"name":"wp","href":"https:\/\/api.w.org\/{rel}","templated":true}]}}