{"id":13218,"date":"2021-09-23T23:31:07","date_gmt":"2021-09-23T22:31:07","guid":{"rendered":"http:\/\/tvbelas.com\/tvbelas\/?p=8475"},"modified":"2021-09-23T23:31:07","modified_gmt":"2021-09-23T22:31:07","slug":"luanda-acolhe-1a-conferencia-nacional-sobre-oportunidades-de-negocios-para-jovens-no-sector-da-avicultura-2","status":"publish","type":"post","link":"https:\/\/tvbelas.com\/tvbelas\/noticias\/economia-angola\/luanda-acolhe-1a-conferencia-nacional-sobre-oportunidades-de-negocios-para-jovens-no-sector-da-avicultura-2\/","title":{"rendered":"LUANDA ACOLHE 1\u00aa CONFER\u00caNCIA NACIONAL SOBRE OPORTUNIDADES DE NEG\u00d3CIOS PARA JOVENS NO SECTOR DA AVICULTURA"},"content":{"rendered":"<p>Esta quinta-feira, 23 de Setembro de 2021, todos os caminhos para jovens empreendedores, deram \u00e0 Escola Nacional de Administra\u00e7\u00e3o e Pol\u00edticas P\u00fablicas, ENAPP, que albergou pela primeira vez no pa\u00eds, a Confer\u00eancia Nacional Sobre Oportunidades de Neg\u00f3cios para Jovens no Sector da Avicultura, numa realiza\u00e7\u00e3o do Instituto Angolano da Juventude, em parceria com a Associa\u00e7\u00e3o dos Jovens Produtores Angolanos.<\/p>\n<p>A actividade, tem como entre v\u00e1rios prelectores para os tr\u00eas pain\u00e9is, um representante do Banco Angolano de Desenvolvimento, que de resto \u00e9 o respons\u00e1vel pelos financiamentos para micros, macros e grandes projectos no pa\u00eds, no ramo agro-pecu\u00e1rio, bem como, a Administradora da Fazendo Perolas do Kikuxi, detentora da f\u00e1brica de ovos, Kikovo.<\/p>\n<p>A confer\u00eancia, serviu para troca de experi\u00eancias, entre os futuros investidores e os mais experimentados na mat\u00e9ria e deixou bons indicadores quanto \u00e0 implementa\u00e7\u00e3o deste tipo de neg\u00f3cio, trazendo mais valia para o pa\u00eds, sob formas a que se torne auto suficiente neste quesito.<\/p>\n","protected":false},"excerpt":{"rendered":"<p>Esta quinta-feira, 23 de Setembro de 2021, todos os caminhos para jovens empreendedores, deram \u00e0 Escola Nacional de Administra\u00e7\u00e3o e Pol\u00edticas P\u00fablicas, ENAPP, que albergou pela primeira vez no pa\u00eds, a Confer\u00eancia Nacional Sobre Oportunidades de Neg\u00f3cios para Jovens no Sector da Avicultura, numa realiza\u00e7\u00e3o do Instituto Angolano da Juventude, em parceria com a Associa\u00e7\u00e3o [&hellip;]<\/p>\n","protected":false},"author":1,"featured_media":8484,"comment_status":"open","ping_status":"open","sticky":false,"template":"","format":"gallery","meta":{"footnotes":""},"categories":[20],"tags":[],"class_list":{"0":"post-13218","1":"post","2":"type-post","3":"status-publish","4":"format-gallery","5":"has-post-thumbnail","7":"category-economia-angola","8":"post_format-post-format-gallery"},"amp_enabled":true,"_links":{"self":[{"href":"https:\/\/tvbelas.com\/tvbelas\/wp-json\/wp\/v2\/posts\/13218","targetHints":{"allow":["GET"]}}],"collection":[{"href":"https:\/\/tvbelas.com\/tvbelas\/wp-json\/wp\/v2\/posts"}],"about":[{"href":"https:\/\/tvbelas.com\/tvbelas\/wp-json\/wp\/v2\/types\/post"}],"author":[{"embeddable":true,"href":"https:\/\/tvbelas.com\/tvbelas\/wp-json\/wp\/v2\/users\/1"}],"replies":[{"embeddable":true,"href":"https:\/\/tvbelas.com\/tvbelas\/wp-json\/wp\/v2\/comments?post=13218"}],"version-history":[{"count":0,"href":"https:\/\/tvbelas.com\/tvbelas\/wp-json\/wp\/v2\/posts\/13218\/revisions"}],"wp:featuredmedia":[{"embeddable":true,"href":"https:\/\/tvbelas.com\/tvbelas\/wp-json\/"}],"wp:attachment":[{"href":"https:\/\/tvbelas.com\/tvbelas\/wp-json\/wp\/v2\/media?parent=13218"}],"wp:term":[{"taxonomy":"category","embeddable":true,"href":"https:\/\/tvbelas.com\/tvbelas\/wp-json\/wp\/v2\/categories?post=13218"},{"taxonomy":"post_tag","embeddable":true,"href":"https:\/\/tvbelas.com\/tvbelas\/wp-json\/wp\/v2\/tags?post=13218"}],"curies":[{"name":"wp","href":"https:\/\/api.w.org\/{rel}","templated":true}]}}