{"id":13266,"date":"2022-03-28T23:26:04","date_gmt":"2022-03-28T22:26:04","guid":{"rendered":"http:\/\/tvbelas.com\/tvbelas\/?p=9704"},"modified":"2022-03-28T23:26:04","modified_gmt":"2022-03-28T22:26:04","slug":"autoridades-nacionais-resaltam-resultados-da-visita-de-tete-antonio-a-belgrado-2","status":"publish","type":"post","link":"https:\/\/tvbelas.com\/tvbelas\/noticias\/politica-angola\/autoridades-nacionais-resaltam-resultados-da-visita-de-tete-antonio-a-belgrado-2\/","title":{"rendered":"AUTORIDADES NACIONAIS RESALTAM RESULTADOS DA VISITA DE T\u00c9TE ANTONIO A BELGRADO"},"content":{"rendered":"<p>e acordo com uma nota do minist\u00e9rio das Rela\u00e7\u00f5es Exteriores (Mirex) chegada \u00e0 ANGOP, no \u00faltimo dia de visita, o ministro T\u00e9te Ant\u00f3nio prestou homenagem ao fundador da Na\u00e7\u00e3o e primeiro Presidente da Rep\u00fablica de Angola, Ant\u00f3nio Agostinho Neto, ao visitar a rua onde se encontra a placa dedicada ao Guia Imortal da Revolu\u00e7\u00e3o angolana, o poeta maior e homem de cultura.<\/p>\n<p>Acompanhado dos directores do Mirex, J\u00falio Maiato (Europa), Carlos Sardinha, (Coopera\u00e7\u00e3o Internacional) e Jos\u00e9 Marcos Barrica (Academia \u201cVen\u00e2ncio de Moura\u201d), bem como dos embaixadores angolano na S\u00e9rvia, Alcino Izata da Concei\u00e7\u00e3o, e deste pa\u00eds em Angola, Milos Perisic, o ministro observou um minuto de sil\u00eancio e depositou uma coroa de flores em sua mem\u00f3ria.<\/p>\n<p>A nota acrescenta que a visita serviu para impulsionar as rela\u00e7\u00f5es pol\u00edtico-diplom\u00e1tico, cient\u00edfico, cultural e social entre os dois pa\u00edses, e foi considerada de excelente, tendo em conta o grau de amizade e de solidariedade que ligam os dois pa\u00edses, povos e Estados.<\/p>\n<p>Ao longo da visita de dois dias foram rubricados varios instrumentos de coopera\u00e7\u00e3o, com destaque para o de isen\u00e7\u00e3o de vistos em passaportes diplom\u00e1ticos e de servi\u00e7o e o memorando deentendimento sobre consultas politicas,<\/p>\n<p>De igual modo, o ministro foi portador de uma misssiva do Chefe de Esado angolano, Jo\u00e3o Louren\u00e7o, ao seu hom\u00f3logo da S\u00e9rvia, Aleksander Vucic.<\/p>\n<p>A S\u00e9rvia, leg\u00edtima herdeira da desagregada Rep\u00fablica Federativa da Jugosl\u00e1via, foi o primeiro pa\u00eds da Europa a reconhecer a independ\u00eancia de Angola, e por esta raz\u00e3o a ocasi\u00e3o foi aproveitada para recorda\u00e7\u00f5es hist\u00f3ricas e momentos de alegria e irmandade entre as delega\u00e7\u00f5es dos dois pa\u00edses, chefiadas pelos ministros T\u00e9te Ant\u00f3nio (Angola) e Nikola Selakovic (S\u00e9rvia).<\/p>\n","protected":false},"excerpt":{"rendered":"<p>e acordo com uma nota do minist\u00e9rio das Rela\u00e7\u00f5es Exteriores (Mirex) chegada \u00e0 ANGOP, no \u00faltimo dia de visita, o ministro T\u00e9te Ant\u00f3nio prestou homenagem ao fundador da Na\u00e7\u00e3o e primeiro Presidente da Rep\u00fablica de Angola, Ant\u00f3nio Agostinho Neto, ao visitar a rua onde se encontra a placa dedicada ao Guia Imortal da Revolu\u00e7\u00e3o angolana, [&hellip;]<\/p>\n","protected":false},"author":1,"featured_media":9706,"comment_status":"open","ping_status":"open","sticky":false,"template":"","format":"standard","meta":{"footnotes":""},"categories":[12],"tags":[],"class_list":{"0":"post-13266","1":"post","2":"type-post","3":"status-publish","4":"format-standard","5":"has-post-thumbnail","7":"category-politica-angola"},"amp_enabled":true,"_links":{"self":[{"href":"https:\/\/tvbelas.com\/tvbelas\/wp-json\/wp\/v2\/posts\/13266","targetHints":{"allow":["GET"]}}],"collection":[{"href":"https:\/\/tvbelas.com\/tvbelas\/wp-json\/wp\/v2\/posts"}],"about":[{"href":"https:\/\/tvbelas.com\/tvbelas\/wp-json\/wp\/v2\/types\/post"}],"author":[{"embeddable":true,"href":"https:\/\/tvbelas.com\/tvbelas\/wp-json\/wp\/v2\/users\/1"}],"replies":[{"embeddable":true,"href":"https:\/\/tvbelas.com\/tvbelas\/wp-json\/wp\/v2\/comments?post=13266"}],"version-history":[{"count":0,"href":"https:\/\/tvbelas.com\/tvbelas\/wp-json\/wp\/v2\/posts\/13266\/revisions"}],"wp:featuredmedia":[{"embeddable":true,"href":"https:\/\/tvbelas.com\/tvbelas\/wp-json\/"}],"wp:attachment":[{"href":"https:\/\/tvbelas.com\/tvbelas\/wp-json\/wp\/v2\/media?parent=13266"}],"wp:term":[{"taxonomy":"category","embeddable":true,"href":"https:\/\/tvbelas.com\/tvbelas\/wp-json\/wp\/v2\/categories?post=13266"},{"taxonomy":"post_tag","embeddable":true,"href":"https:\/\/tvbelas.com\/tvbelas\/wp-json\/wp\/v2\/tags?post=13266"}],"curies":[{"name":"wp","href":"https:\/\/api.w.org\/{rel}","templated":true}]}}