{"id":13270,"date":"2022-03-30T16:23:44","date_gmt":"2022-03-30T15:23:44","guid":{"rendered":"http:\/\/tvbelas.com\/tvbelas\/?p=9760"},"modified":"2022-03-30T16:23:44","modified_gmt":"2022-03-30T15:23:44","slug":"governo-vai-alargar-protecao-social-a-trabalhadores-informais-por-conta-propria-2","status":"publish","type":"post","link":"https:\/\/tvbelas.com\/tvbelas\/noticias\/politica-angola\/governo-vai-alargar-protecao-social-a-trabalhadores-informais-por-conta-propria-2\/","title":{"rendered":"GOVERNO VAI ALARGAR PROTE\u00c7\u00c3O SOCIAL A TRABALHADORES INFORMAIS POR CONTA PR\u00d3PRIA"},"content":{"rendered":"<div class=\"cxmmr5t8 oygrvhab hcukyx3x c1et5uql o9v6fnle ii04i59q\">\n<div dir=\"auto\">O Governo anunciou hoje que vai alargar o regime de prote\u00e7\u00e3o social a trabalhadores que n\u00e3o est\u00e3o inscritos na Seguran\u00e7a Social e n\u00e3o t\u00eam contrato de trabalho, fomentando a formaliza\u00e7\u00e3o da atividade econ\u00f3mica.<\/div>\n<\/div>\n<div class=\"cxmmr5t8 oygrvhab hcukyx3x c1et5uql o9v6fnle ii04i59q\">\n<div dir=\"auto\">&#8220;A Comiss\u00e3o Econ\u00f3mica apreciou o Regime Jur\u00eddico da Prote\u00e7\u00e3o Social Obrigat\u00f3ria dos Trabalhadores por Conta Pr\u00f3pria, diploma que visa alargar a cobertura pessoal da prote\u00e7\u00e3o social obrigat\u00f3ria a mais trabalhadores, ainda n\u00e3o inscritos na seguran\u00e7a social, que desenvolvem atividades sem contrato de trabalho&#8221;, l\u00ea-se no comunicado distribu\u00eddo no final da reuni\u00e3o de hoje do Conselho de Ministros, em Luanda.<\/div>\n<\/div>\n<div class=\"cxmmr5t8 oygrvhab hcukyx3x c1et5uql o9v6fnle ii04i59q\">\n<div dir=\"auto\">O diploma &#8220;contribui para a prote\u00e7\u00e3o social dos mesmos e seus familiares em determinados riscos sociais e promovendo a formaliza\u00e7\u00e3o da atividade econ\u00f3mica, designadamente o com\u00e9rcio ambulante, de retalho e dos mercados, e os transportes de t\u00e1xi e motot\u00e1xi, que atendendo \u00e0s suas especificidades e natureza, os seus profissionais n\u00e3o se encontram abrangidos por quaisquer regimes da Prote\u00e7\u00e3o Social Obrigat\u00f3ria existentes&#8221;, acrescenta-se ainda no comunicado.<\/div>\n<\/div>\n<div class=\"cxmmr5t8 oygrvhab hcukyx3x c1et5uql o9v6fnle ii04i59q\">\n<div dir=\"auto\">A Comiss\u00e3o Econ\u00f3mica do Conselho de Ministros realizou hoje a sua terceira reuni\u00e3o ordin\u00e1ria do ano, no Pal\u00e1cio Presidencial, na Cidade Alta, tendo sido presidida pelo Presidente da Rep\u00fablica, Jo\u00e3o Louren\u00e7o.<\/div>\n<\/div>\n","protected":false},"excerpt":{"rendered":"<p>O Governo anunciou hoje que vai alargar o regime de prote\u00e7\u00e3o social a trabalhadores que n\u00e3o est\u00e3o inscritos na Seguran\u00e7a Social e n\u00e3o t\u00eam contrato de trabalho, fomentando a formaliza\u00e7\u00e3o da atividade econ\u00f3mica. &#8220;A Comiss\u00e3o Econ\u00f3mica apreciou o Regime Jur\u00eddico da Prote\u00e7\u00e3o Social Obrigat\u00f3ria dos Trabalhadores por Conta Pr\u00f3pria, diploma que visa alargar a cobertura [&hellip;]<\/p>\n","protected":false},"author":1,"featured_media":9762,"comment_status":"open","ping_status":"open","sticky":false,"template":"","format":"standard","meta":{"footnotes":""},"categories":[12],"tags":[],"class_list":{"0":"post-13270","1":"post","2":"type-post","3":"status-publish","4":"format-standard","5":"has-post-thumbnail","7":"category-politica-angola"},"amp_enabled":true,"_links":{"self":[{"href":"https:\/\/tvbelas.com\/tvbelas\/wp-json\/wp\/v2\/posts\/13270","targetHints":{"allow":["GET"]}}],"collection":[{"href":"https:\/\/tvbelas.com\/tvbelas\/wp-json\/wp\/v2\/posts"}],"about":[{"href":"https:\/\/tvbelas.com\/tvbelas\/wp-json\/wp\/v2\/types\/post"}],"author":[{"embeddable":true,"href":"https:\/\/tvbelas.com\/tvbelas\/wp-json\/wp\/v2\/users\/1"}],"replies":[{"embeddable":true,"href":"https:\/\/tvbelas.com\/tvbelas\/wp-json\/wp\/v2\/comments?post=13270"}],"version-history":[{"count":0,"href":"https:\/\/tvbelas.com\/tvbelas\/wp-json\/wp\/v2\/posts\/13270\/revisions"}],"wp:featuredmedia":[{"embeddable":true,"href":"https:\/\/tvbelas.com\/tvbelas\/wp-json\/"}],"wp:attachment":[{"href":"https:\/\/tvbelas.com\/tvbelas\/wp-json\/wp\/v2\/media?parent=13270"}],"wp:term":[{"taxonomy":"category","embeddable":true,"href":"https:\/\/tvbelas.com\/tvbelas\/wp-json\/wp\/v2\/categories?post=13270"},{"taxonomy":"post_tag","embeddable":true,"href":"https:\/\/tvbelas.com\/tvbelas\/wp-json\/wp\/v2\/tags?post=13270"}],"curies":[{"name":"wp","href":"https:\/\/api.w.org\/{rel}","templated":true}]}}