{"id":13275,"date":"2022-04-05T09:20:33","date_gmt":"2022-04-05T08:20:33","guid":{"rendered":"http:\/\/tvbelas.com\/tvbelas\/?p=9864"},"modified":"2022-04-05T09:20:33","modified_gmt":"2022-04-05T08:20:33","slug":"tv-belas-vai-transmitir-o-world-corporate-golf-challenge-angola-2022-2","status":"publish","type":"post","link":"https:\/\/tvbelas.com\/tvbelas\/noticias\/desporto\/tv-belas-vai-transmitir-o-world-corporate-golf-challenge-angola-2022-2\/","title":{"rendered":"TV BELAS VAI TRANSMITIR  O  WORLD CORPORATE GOLF CHALLENGE  ANGOLA 2022"},"content":{"rendered":"<p>A emiss\u00e3o do Torneiro: WORLD CORPORATE GOLF CHALLENGE Angola , no dia 9 de Abril, 7 de Maio, 9 de julho e a final a ser disputado no dia 3 de Setembro, ser\u00e1 feita atrav\u00e9s do canal oficial da TV Belas no YOUTUBE (www.tvbelas.com).<\/p>\n<p>A TV Belas vai torneiro de golf \u201cWORLD CORPORATE GOLF CHALLENGE\u201d, que decorrer\u00e1 no Resort Mangais, segundo Yussuf Tati,CEO coordenador \u00a0da TV Belas.<\/p>\n<p>O percurso da TV BELAS continua a ser feito com objectividade, determina\u00e7\u00e3o e seguros de que estamos a cumprir o caminho para melhor servir o nosso grande p\u00fablico e a audi\u00eancia das institui\u00e7\u00f5es que connosco trabalham.<\/p>\n<p>Surge a parceria entre a TV BELAS e a Organiza\u00e7\u00e3o do Torneiro Internacional de Golf, denominado \u201cWORLD CORPORATE GOLF CHALLENGE\u201d que vai acontecer pela 6 vez em Angola, no dia 9 de Abril, 7 de Maio, 9 de julho e 3 de Setembro do corrente ano, sendo a TVBELAS a televis\u00e3o\u00a0 que vai garantir a transmiss\u00e3o em todas plataformas digitais.<\/p>\n<p>Falando a imprensa, o respons\u00e1vel do canal streaming de televis\u00e3o, Yussufe Tati, garantiu que o acordo com a organiza\u00e7\u00e3o do torneiro WORLD CORPORATE GOLF CHALLENGE, \u00e9 v\u00e1lido apenas para a 6 edi\u00e7\u00e3o do torneio, WORLD CORPORATE GOLF CHALLENGE, come\u00e7a a ser disputado j\u00e1 neste s\u00e1bado 9 de Abril no resort golf mangais, e os amantes v\u00e3o poder asistir atrav\u00e9s das p\u00e1ginas do canal.<\/p>\n<p>O Corporate Golf Challenge fui\u00a0 fundado em 1993 no Reino unido, numa associa\u00e7\u00e3o do renomado jornal The Times, com objectivo\u00a0 \u00fanico\u00a0 de pot\u00eanciar e desenvolver as suas rela\u00e7\u00f5es a n\u00edvel interno e externo atrav\u00e9s de uma competi\u00e7\u00e3o desportiva.<\/p>\n<p>Nos ratings internacionais contam as vit\u00f3rias dos Estados Unidos, Espanha, Austr\u00e1lia, Nova Zel\u00e2ndia, Singapura, Mal\u00e1sia, Inglaterra, Portugal, \u00cdndia, Irlanda e Esc\u00f3cia.<\/p>\n<p>Angola pretende participar no referido evento, para melhorar a oitava posi\u00e7\u00e3o de 2018, em Portugal, com a dupla Victor Mar\u00e7al e Ant\u00f3nio Mar\u00e7al.<\/p>\n<p>De recordar que em 1996 a competi\u00e7\u00e3o internacionalizou-se e, actualmente participam mais de 30\u00a0 Pa\u00edses, representado em todos os continentes.<\/p>\n","protected":false},"excerpt":{"rendered":"<p>A emiss\u00e3o do Torneiro: WORLD CORPORATE GOLF CHALLENGE Angola , no dia 9 de Abril, 7 de Maio, 9 de julho e a final a ser disputado no dia 3 de Setembro, ser\u00e1 feita atrav\u00e9s do canal oficial da TV Belas no YOUTUBE (www.tvbelas.com). A TV Belas vai torneiro de golf \u201cWORLD CORPORATE GOLF CHALLENGE\u201d, [&hellip;]<\/p>\n","protected":false},"author":1,"featured_media":9866,"comment_status":"open","ping_status":"open","sticky":false,"template":"","format":"standard","meta":{"footnotes":""},"categories":[19],"tags":[],"class_list":{"0":"post-13275","1":"post","2":"type-post","3":"status-publish","4":"format-standard","5":"has-post-thumbnail","7":"category-desporto"},"amp_enabled":true,"_links":{"self":[{"href":"https:\/\/tvbelas.com\/tvbelas\/wp-json\/wp\/v2\/posts\/13275","targetHints":{"allow":["GET"]}}],"collection":[{"href":"https:\/\/tvbelas.com\/tvbelas\/wp-json\/wp\/v2\/posts"}],"about":[{"href":"https:\/\/tvbelas.com\/tvbelas\/wp-json\/wp\/v2\/types\/post"}],"author":[{"embeddable":true,"href":"https:\/\/tvbelas.com\/tvbelas\/wp-json\/wp\/v2\/users\/1"}],"replies":[{"embeddable":true,"href":"https:\/\/tvbelas.com\/tvbelas\/wp-json\/wp\/v2\/comments?post=13275"}],"version-history":[{"count":0,"href":"https:\/\/tvbelas.com\/tvbelas\/wp-json\/wp\/v2\/posts\/13275\/revisions"}],"wp:featuredmedia":[{"embeddable":true,"href":"https:\/\/tvbelas.com\/tvbelas\/wp-json\/"}],"wp:attachment":[{"href":"https:\/\/tvbelas.com\/tvbelas\/wp-json\/wp\/v2\/media?parent=13275"}],"wp:term":[{"taxonomy":"category","embeddable":true,"href":"https:\/\/tvbelas.com\/tvbelas\/wp-json\/wp\/v2\/categories?post=13275"},{"taxonomy":"post_tag","embeddable":true,"href":"https:\/\/tvbelas.com\/tvbelas\/wp-json\/wp\/v2\/tags?post=13275"}],"curies":[{"name":"wp","href":"https:\/\/api.w.org\/{rel}","templated":true}]}}