{"id":13279,"date":"2022-04-14T17:26:13","date_gmt":"2022-04-14T16:26:13","guid":{"rendered":"http:\/\/tvbelas.com\/tvbelas\/?p=9969"},"modified":"2022-04-14T17:26:13","modified_gmt":"2022-04-14T16:26:13","slug":"reflexao-sobre-imigracao-ilegal-e-consequencias-marca-abertura-das-jornadas-comemorativas-do-sme-2","status":"publish","type":"post","link":"https:\/\/tvbelas.com\/tvbelas\/noticias\/sociedade\/reflexao-sobre-imigracao-ilegal-e-consequencias-marca-abertura-das-jornadas-comemorativas-do-sme-2\/","title":{"rendered":"REFLEX\u00c3O SOBRE IMIGRA\u00c7\u00c3O ILEGAL E CONSEQU\u00caNCIAS MARCA ABERTURA DAS JORNADAS COMEMORATIVAS DO SME"},"content":{"rendered":"<div class=\"cxmmr5t8 oygrvhab hcukyx3x c1et5uql o9v6fnle ii04i59q\">\n<div dir=\"auto\">Foi realizado, quarta-feira 13 de Abril, na cidade do Cuito, capital da prov\u00edncia, o acto de abertura das comemora\u00e7\u00f5es do quadrag\u00e9simo sexto anivers\u00e1rio de institucionaliza\u00e7\u00e3o do Servi\u00e7o de Migra\u00e7\u00e3o e Estrangeiros do Minist\u00e9rio do Interior da Rep\u00fablica de Angola.<\/div>\n<\/div>\n<div class=\"cxmmr5t8 oygrvhab hcukyx3x c1et5uql o9v6fnle ii04i59q\">\n<div dir=\"auto\">O evento decorreu no anfiteatro das Direc\u00e7\u00f5es do Governo Provincial e foi presidido pelo titular do \u00f3rg\u00e3o, comiss\u00e1rio de migra\u00e7\u00e3o, Joaquim Hucata \u201cCabelo Branco\u201d, em representa\u00e7\u00e3o do comiss\u00e1rio, Gabriel Francisco Diogo, Delegado do Minist\u00e9rio do Interior e Comandante provincial da Pol\u00edcia Nacional de Angola no Bi\u00e9, ladeado pelo Procurador da Rep\u00fablica junto do Servi\u00e7o de Migra\u00e7\u00e3o e Estrangeiros, Alfredo Dibo Canhimbo, bem como pelo superintendente de migra\u00e7\u00e3o, Dami\u00e3o Ngueve Sacuenda, oficial do \u00f3rg\u00e3o j\u00e1 licenciado \u00e0 reforma.<\/div>\n<\/div>\n<div class=\"cxmmr5t8 oygrvhab hcukyx3x c1et5uql o9v6fnle ii04i59q\">\n<div dir=\"auto\">No discurso de abertura, o presidente do acto fez saber que a \u201cefem\u00e9ride\u201c representa para a corpora\u00e7\u00e3o mais do que regozijo, uma oportunidade para reflex\u00e3o em torno das ac\u00e7\u00f5es desenvolvidas pelo \u00f3rg\u00e3o, que remete \u00e1 um percurso de in\u00fameras conquistas e realiza\u00e7\u00f5es, somadas durante os longos e sacrificados 46 anos, que justificam os preceitos estabelecidos em obedi\u00eancia \u00e0s metas at\u00e9 ent\u00e3o atingidas.<\/div>\n<\/div>\n<div class=\"cxmmr5t8 oygrvhab hcukyx3x c1et5uql o9v6fnle ii04i59q\">\n<div dir=\"auto\">\u201cAo n\u00edvel da nossa prov\u00edncia, temos uma situa\u00e7\u00e3o geogr\u00e1fica sem exposi\u00e7\u00e3o \u00e1 fronteiras internacionais, por\u00e9m, detentora de elementos de atra\u00e7\u00e3o de um consider\u00e1vel fluxo migrat\u00f3rio de cidad\u00e3os de nacionalidades diversas, atra\u00eddos pelas zonas diamant\u00edferas dos munic\u00edpios do Chitembo e Nh\u00e2rea, onde a mercantiliza\u00e7\u00e3o de bens alimentares \u00e9 detida maioritariamente por cidad\u00e3os Oeste-Africanos, merecendo a pronta resposta da ac\u00e7\u00e3o operativa do \u00f3rg\u00e3o, em colabora\u00e7\u00e3o com outros \u00f3rg\u00e3os de defesa e seguran\u00e7a interna\u201d, disse o oficial comiss\u00e1rio.<\/div>\n<\/div>\n<div class=\"cxmmr5t8 oygrvhab hcukyx3x c1et5uql o9v6fnle ii04i59q\">\n<div dir=\"auto\">O evento foi marcado por uma palestra subordinada ao tema \u201cA imigra\u00e7\u00e3o ilegal e suas consequ\u00eancias\u201c, dissertada pelo inspector de migra\u00e7\u00e3o chefe, Jeremias Paiva, chefe de sec\u00e7\u00e3o de Seguran\u00e7a Interna, que numa linguagem bastante clara e pedag\u00f3gica levou \u00e0 compreens\u00e3o de todos os presentes.<\/div>\n<\/div>\n<div class=\"cxmmr5t8 oygrvhab hcukyx3x c1et5uql o9v6fnle ii04i59q\">\n<div dir=\"auto\">De lembrar, que para este ano as jornadas comemorativas decorrem sob o lema, \u201cSME 46 anos apostando na moderniza\u00e7\u00e3o e flexibilidade dos actos migrat\u00f3rios\u201d.<\/div>\n<\/div>\n<div class=\"cxmmr5t8 oygrvhab hcukyx3x c1et5uql o9v6fnle ii04i59q\">\n<div dir=\"auto\">Testemunharam o acto, membros do conselho consultivo normal da Delega\u00e7\u00e3o Provincial do Minist\u00e9rio do Interior, Magistrados do Minist\u00e9rio P\u00fablico e convidados.<\/div>\n<\/div>\n","protected":false},"excerpt":{"rendered":"<p>Foi realizado, quarta-feira 13 de Abril, na cidade do Cuito, capital da prov\u00edncia, o acto de abertura das comemora\u00e7\u00f5es do quadrag\u00e9simo sexto anivers\u00e1rio de institucionaliza\u00e7\u00e3o do Servi\u00e7o de Migra\u00e7\u00e3o e Estrangeiros do Minist\u00e9rio do Interior da Rep\u00fablica de Angola. O evento decorreu no anfiteatro das Direc\u00e7\u00f5es do Governo Provincial e foi presidido pelo titular do [&hellip;]<\/p>\n","protected":false},"author":1,"featured_media":9975,"comment_status":"open","ping_status":"open","sticky":false,"template":"","format":"gallery","meta":{"footnotes":""},"categories":[15],"tags":[],"class_list":{"0":"post-13279","1":"post","2":"type-post","3":"status-publish","4":"format-gallery","5":"has-post-thumbnail","7":"category-sociedade","8":"post_format-post-format-gallery"},"amp_enabled":true,"_links":{"self":[{"href":"https:\/\/tvbelas.com\/tvbelas\/wp-json\/wp\/v2\/posts\/13279","targetHints":{"allow":["GET"]}}],"collection":[{"href":"https:\/\/tvbelas.com\/tvbelas\/wp-json\/wp\/v2\/posts"}],"about":[{"href":"https:\/\/tvbelas.com\/tvbelas\/wp-json\/wp\/v2\/types\/post"}],"author":[{"embeddable":true,"href":"https:\/\/tvbelas.com\/tvbelas\/wp-json\/wp\/v2\/users\/1"}],"replies":[{"embeddable":true,"href":"https:\/\/tvbelas.com\/tvbelas\/wp-json\/wp\/v2\/comments?post=13279"}],"version-history":[{"count":0,"href":"https:\/\/tvbelas.com\/tvbelas\/wp-json\/wp\/v2\/posts\/13279\/revisions"}],"wp:featuredmedia":[{"embeddable":true,"href":"https:\/\/tvbelas.com\/tvbelas\/wp-json\/"}],"wp:attachment":[{"href":"https:\/\/tvbelas.com\/tvbelas\/wp-json\/wp\/v2\/media?parent=13279"}],"wp:term":[{"taxonomy":"category","embeddable":true,"href":"https:\/\/tvbelas.com\/tvbelas\/wp-json\/wp\/v2\/categories?post=13279"},{"taxonomy":"post_tag","embeddable":true,"href":"https:\/\/tvbelas.com\/tvbelas\/wp-json\/wp\/v2\/tags?post=13279"}],"curies":[{"name":"wp","href":"https:\/\/api.w.org\/{rel}","templated":true}]}}