{"id":13293,"date":"2022-05-03T14:25:30","date_gmt":"2022-05-03T13:25:30","guid":{"rendered":"http:\/\/tvbelas.com\/tvbelas\/?p=10334"},"modified":"2022-05-03T14:25:30","modified_gmt":"2022-05-03T13:25:30","slug":"estadio-11-de-novembro-apto-para-o-can-2","status":"publish","type":"post","link":"https:\/\/tvbelas.com\/tvbelas\/noticias\/desporto\/estadio-11-de-novembro-apto-para-o-can-2\/","title":{"rendered":"EST\u00c1DIO 11 DE NOVEMBRO APTO PARA O CAN"},"content":{"rendered":"<p>A catedral do futebol nacional, constru\u00eddo na altura do CAN de 2010, est\u00e1 autorizado a albergar jogos da Sele\u00e7\u00e3o Nacional pela Confedera\u00e7\u00e3o Africana de Futebol, visando as qualificativas ao Campeonato \u00a0das na\u00e7\u00f5es a decorrer entre o m\u00eas de Junho e Julho de 2023, na C\u00f4te d&#8217;Ivoire.<\/p>\n<p>Informa\u00e7\u00e3o avan\u00e7ada pela agencia de not\u00edcias angolana, na voz do \u00a0vice-presidente do Conselho T\u00e9cnico da Federa\u00e7\u00e3o Angolana da modalidade, Jos\u00e9 Neves.<\/p>\n<p>O dirigente desportivo fez saber que o aval \u00e9 de forma \u00a0tempor\u00e1ria, o que vai permitir que em cada jornada a inspe\u00e7\u00e3o da CAF, ter\u00e1 a incumb\u00eancia de inspecionar pelos seus t\u00e9cnicos especializados.<\/p>\n<p>De lembrar que Ac\u00e3o id\u00eantica j\u00e1 havia sido desenvolvido pela \u00f3rg\u00e3o que gere o futebol no continente no jogo, em que a sele\u00e7\u00e3o de honras empatou a duas bolas com a sua similar do Egipto, na altura para o apuramento ao mundial do Qatar em 2023.<\/p>\n<p>Com capacidade para 50 mil espectadores, o Est\u00e1dio 11 de Novembro foi inaugurado em 2010 por ocasi\u00e3o do Campeonato Africano das Na\u00e7\u00f5es.<\/p>\n<p>Doze anos volvidos o imponente est\u00e1dio atravessa v\u00e1rios problemas na sua estrutura como fissuras nos pilares e paredes, problemas nos elevadores, nas cabines de imprensa, bem como um visual menos recomend\u00e1vel no seu exterior<\/p>\n","protected":false},"excerpt":{"rendered":"<p>A catedral do futebol nacional, constru\u00eddo na altura do CAN de 2010, est\u00e1 autorizado a albergar jogos da Sele\u00e7\u00e3o Nacional pela Confedera\u00e7\u00e3o Africana de Futebol, visando as qualificativas ao Campeonato \u00a0das na\u00e7\u00f5es a decorrer entre o m\u00eas de Junho e Julho de 2023, na C\u00f4te d&#8217;Ivoire. Informa\u00e7\u00e3o avan\u00e7ada pela agencia de not\u00edcias angolana, na voz [&hellip;]<\/p>\n","protected":false},"author":1,"featured_media":10336,"comment_status":"open","ping_status":"open","sticky":false,"template":"","format":"standard","meta":{"footnotes":""},"categories":[19],"tags":[],"class_list":{"0":"post-13293","1":"post","2":"type-post","3":"status-publish","4":"format-standard","5":"has-post-thumbnail","7":"category-desporto"},"amp_enabled":true,"_links":{"self":[{"href":"https:\/\/tvbelas.com\/tvbelas\/wp-json\/wp\/v2\/posts\/13293","targetHints":{"allow":["GET"]}}],"collection":[{"href":"https:\/\/tvbelas.com\/tvbelas\/wp-json\/wp\/v2\/posts"}],"about":[{"href":"https:\/\/tvbelas.com\/tvbelas\/wp-json\/wp\/v2\/types\/post"}],"author":[{"embeddable":true,"href":"https:\/\/tvbelas.com\/tvbelas\/wp-json\/wp\/v2\/users\/1"}],"replies":[{"embeddable":true,"href":"https:\/\/tvbelas.com\/tvbelas\/wp-json\/wp\/v2\/comments?post=13293"}],"version-history":[{"count":0,"href":"https:\/\/tvbelas.com\/tvbelas\/wp-json\/wp\/v2\/posts\/13293\/revisions"}],"wp:featuredmedia":[{"embeddable":true,"href":"https:\/\/tvbelas.com\/tvbelas\/wp-json\/"}],"wp:attachment":[{"href":"https:\/\/tvbelas.com\/tvbelas\/wp-json\/wp\/v2\/media?parent=13293"}],"wp:term":[{"taxonomy":"category","embeddable":true,"href":"https:\/\/tvbelas.com\/tvbelas\/wp-json\/wp\/v2\/categories?post=13293"},{"taxonomy":"post_tag","embeddable":true,"href":"https:\/\/tvbelas.com\/tvbelas\/wp-json\/wp\/v2\/tags?post=13293"}],"curies":[{"name":"wp","href":"https:\/\/api.w.org\/{rel}","templated":true}]}}