{"id":13296,"date":"2022-05-03T15:32:47","date_gmt":"2022-05-03T14:32:47","guid":{"rendered":"http:\/\/tvbelas.com\/tvbelas\/?p=10347"},"modified":"2022-05-03T15:32:47","modified_gmt":"2022-05-03T14:32:47","slug":"secretario-de-estado-do-interior-aborda-seguranca-e-ordem-publica-com-entidade-da-guine-equatorial-2","status":"publish","type":"post","link":"https:\/\/tvbelas.com\/tvbelas\/noticias\/politica-angola\/secretario-de-estado-do-interior-aborda-seguranca-e-ordem-publica-com-entidade-da-guine-equatorial-2\/","title":{"rendered":"SECRET\u00c1RIO DE ESTADO DO INTERIOR ABORDA SEGURAN\u00c7A E ORDEM P\u00daBLICA COM ENTIDADE DA GUIN\u00c9 EQUATORIAL"},"content":{"rendered":"<div class=\"cxmmr5t8 oygrvhab hcukyx3x c1et5uql o9v6fnle ii04i59q\">\n<div dir=\"auto\">O Secret\u00e1rio de Estado do Interior para o Asseguramento T\u00e9cnico, Salvador Jos\u00e9 Rodrigues \u201cDod\u00f3\u201d, em representa\u00e7\u00e3o do Titular do Departamento Ministerial, abordou, nesta manh\u00e3 de Ter\u00e7a-feira, 3 de Maio de 2022, em Luanda, quest\u00f5es inerentes a seguran\u00e7a e ordem p\u00fablica, com o Ministro dos Assuntos Exteriores e Coopera\u00e7\u00e3o da Rep\u00fablica da Guin\u00e9 Equatorial, Sime\u00f3n Esono Angue.<\/div>\n<\/div>\n<div class=\"cxmmr5t8 oygrvhab hcukyx3x c1et5uql o9v6fnle ii04i59q\">\n<div dir=\"auto\">Na ocasi\u00e3o, o Secret\u00e1rio de Estado do Interior para o Asseguramento T\u00e9cnico, Salvador Rodrigues, assegurou que o Minist\u00e9rio do Interior cumprir\u00e1 com as ac\u00e7\u00f5es que forem determinadas pelo Minist\u00e9rio das Rela\u00e7\u00f5es Exteriores, no \u00e2mbito das negocia\u00e7\u00f5es diplom\u00e1ticas.<\/div>\n<\/div>\n<div class=\"cxmmr5t8 oygrvhab hcukyx3x c1et5uql o9v6fnle ii04i59q\">\n<div dir=\"auto\">De igual modo, reiterou que, em momento oportuno, os Ministros das Rela\u00e7\u00f5es Exteriores de Angola e da Guin\u00e9 Equatorial levar\u00e3o ao conhecimento dos Ministros do Interior de ambos os pa\u00edses, as quest\u00f5es de seguran\u00e7a e ordem p\u00fablica, no sentido de aprimorarem os acordos sobre esta mat\u00e9ria, incluindo outras \u00e1reas de interesse comum.<\/div>\n<\/div>\n<div class=\"cxmmr5t8 oygrvhab hcukyx3x c1et5uql o9v6fnle ii04i59q\">\n<div dir=\"auto\">Por seu turno, o Ministro dos Assuntos Exteriores e Coopera\u00e7\u00e3o da Guin\u00e9 Equatorial, Sime\u00f3n Angue, afirmou que este encontro visa refor\u00e7ar os la\u00e7os de amizade e coopera\u00e7\u00e3o entre os Minist\u00e9rios do Interior dos dois pa\u00edses, enquanto membros da CPLP, sobretudo, na senda da aprova\u00e7\u00e3o dos mecanismos de livre circula\u00e7\u00e3o de pessoas e bens.<\/div>\n<\/div>\n<div class=\"cxmmr5t8 oygrvhab hcukyx3x c1et5uql o9v6fnle ii04i59q\">\n<div dir=\"auto\">\u201c\u00c9 ben\u00e9fico que as duas Institui\u00e7\u00f5es troquem experi\u00eancias no sector de imigra\u00e7\u00e3o, a fim de que possamos levar uma imigra\u00e7\u00e3o ordenada e respons\u00e1vel na Comunidade da CPLP\u201d, afirmou o Ministro.<\/div>\n<\/div>\n<div class=\"cxmmr5t8 oygrvhab hcukyx3x c1et5uql o9v6fnle ii04i59q\">\n<div dir=\"auto\">Por outro lado, Sime\u00f3n Esono Angue, reiterou que \u201cn\u00e3o h\u00e1 um assunto preocupante entre os dois pa\u00edses, o que se pretende \u00e9 refor\u00e7armos a coopera\u00e7\u00e3o, para que alcancemos os objectivos que ambas partes se predisp\u00f5em\u201d.<\/div>\n<\/div>\n<div class=\"cxmmr5t8 oygrvhab hcukyx3x c1et5uql o9v6fnle ii04i59q\">\n<div dir=\"auto\">Participaram do encontro o Segundo Comandante-Geral da Pol\u00edcia Nacional, Comiss\u00e1rio-Chefe, Domingos Ferreira de Andrade e o Director do Gabinete do Ministro do Interior, Comiss\u00e1rio, Jos\u00e9 Alberto.<\/div>\n<\/div>\n","protected":false},"excerpt":{"rendered":"<p>O Secret\u00e1rio de Estado do Interior para o Asseguramento T\u00e9cnico, Salvador Jos\u00e9 Rodrigues \u201cDod\u00f3\u201d, em representa\u00e7\u00e3o do Titular do Departamento Ministerial, abordou, nesta manh\u00e3 de Ter\u00e7a-feira, 3 de Maio de 2022, em Luanda, quest\u00f5es inerentes a seguran\u00e7a e ordem p\u00fablica, com o Ministro dos Assuntos Exteriores e Coopera\u00e7\u00e3o da Rep\u00fablica da Guin\u00e9 Equatorial, Sime\u00f3n Esono [&hellip;]<\/p>\n","protected":false},"author":1,"featured_media":10349,"comment_status":"open","ping_status":"open","sticky":false,"template":"","format":"gallery","meta":{"footnotes":""},"categories":[12],"tags":[],"class_list":{"0":"post-13296","1":"post","2":"type-post","3":"status-publish","4":"format-gallery","5":"has-post-thumbnail","7":"category-politica-angola","8":"post_format-post-format-gallery"},"amp_enabled":true,"_links":{"self":[{"href":"https:\/\/tvbelas.com\/tvbelas\/wp-json\/wp\/v2\/posts\/13296","targetHints":{"allow":["GET"]}}],"collection":[{"href":"https:\/\/tvbelas.com\/tvbelas\/wp-json\/wp\/v2\/posts"}],"about":[{"href":"https:\/\/tvbelas.com\/tvbelas\/wp-json\/wp\/v2\/types\/post"}],"author":[{"embeddable":true,"href":"https:\/\/tvbelas.com\/tvbelas\/wp-json\/wp\/v2\/users\/1"}],"replies":[{"embeddable":true,"href":"https:\/\/tvbelas.com\/tvbelas\/wp-json\/wp\/v2\/comments?post=13296"}],"version-history":[{"count":0,"href":"https:\/\/tvbelas.com\/tvbelas\/wp-json\/wp\/v2\/posts\/13296\/revisions"}],"wp:featuredmedia":[{"embeddable":true,"href":"https:\/\/tvbelas.com\/tvbelas\/wp-json\/"}],"wp:attachment":[{"href":"https:\/\/tvbelas.com\/tvbelas\/wp-json\/wp\/v2\/media?parent=13296"}],"wp:term":[{"taxonomy":"category","embeddable":true,"href":"https:\/\/tvbelas.com\/tvbelas\/wp-json\/wp\/v2\/categories?post=13296"},{"taxonomy":"post_tag","embeddable":true,"href":"https:\/\/tvbelas.com\/tvbelas\/wp-json\/wp\/v2\/tags?post=13296"}],"curies":[{"name":"wp","href":"https:\/\/api.w.org\/{rel}","templated":true}]}}