{"id":13341,"date":"2022-06-29T17:09:27","date_gmt":"2022-06-29T16:09:27","guid":{"rendered":"http:\/\/tvbelas.com\/tvbelas\/?p=11799"},"modified":"2022-06-29T17:09:27","modified_gmt":"2022-06-29T16:09:27","slug":"tchize-dos-santos-filha-do-ex-presidente-angolano-acusa-os-medicos-de-negligencia-propositada-2","status":"publish","type":"post","link":"https:\/\/tvbelas.com\/tvbelas\/noticias\/politica-angola\/tchize-dos-santos-filha-do-ex-presidente-angolano-acusa-os-medicos-de-negligencia-propositada-2\/","title":{"rendered":"TCHIZ\u00c9 DOS SANTOS FILHA DO EX-PRESIDENTE ANGOLANO ACUSA OS M\u00c9DICOS DE NEGLIG\u00caNCIA PROPOSITADA"},"content":{"rendered":"<p><strong>Os familiares do ex-Presidente angolano foram chamados de urg\u00eancia \u00e0 cl\u00ednica catal\u00e3 para uma atualiza\u00e7\u00e3o sobre o estado de sa\u00fade de Jos\u00e9 Eduardo dos Santos. A situa\u00e7\u00e3o cl\u00ednica agravou-se nas \u00faltimas 24 horas, tendo sido detetadas les\u00f5es cerebrais consideradas irrevers\u00edveis.<\/strong><\/p>\n<p>Tchiz\u00e9 dos Santos disse que\u00a0<strong>n\u00e3o vai permitir que desliguem as m\u00e1quinas enquanto o pai estiver vivo.<\/strong><\/p>\n<p>Numa nota enviada \u00e0 SIC, a filha do ex-Presidente angolano acusa os\u00a0<strong>m\u00e9dicos de neglig\u00eancia propositada para antecipar a morte do pai e garante que h\u00e1 dados m\u00e9dicos inventados e consultas que foram adiadas.<\/strong><\/p>\n<p>Tchiz\u00e9 Santos acusa, ainda, o atual Presidente de Angola de\u00a0<strong>aproveitamento pol\u00edtico.\u00a0<\/strong>Esta ter\u00e7a-feira de manh\u00e3, Jo\u00e3o Louren\u00e7o disse\u00a0<strong>manter o contacto com a fam\u00edlia.<\/strong><\/p>\n<p>O conflito entre Jo\u00e3o Louren\u00e7o e os membros da fam\u00edlia de Jos\u00e9 Eduardo dos Santos<strong>\u00a0come\u00e7ou com a tomada de posse do atual chefe de Estado e agravou-.se com os processos em tribunal contra os filhos.<\/strong><\/p>\n<p>O Presidente angolano garante que a\u00a0<strong>rela\u00e7\u00e3o com o antecessor \u00e9 \u201cboa\u201d e que a justi\u00e7a n\u00e3o est\u00e1 a atuar contra a fam\u00edlia dos Santos, mas sim contra a corrup\u00e7\u00e3o.<\/strong><\/p>\n","protected":false},"excerpt":{"rendered":"<p>Os familiares do ex-Presidente angolano foram chamados de urg\u00eancia \u00e0 cl\u00ednica catal\u00e3 para uma atualiza\u00e7\u00e3o sobre o estado de sa\u00fade de Jos\u00e9 Eduardo dos Santos. A situa\u00e7\u00e3o cl\u00ednica agravou-se nas \u00faltimas 24 horas, tendo sido detetadas les\u00f5es cerebrais consideradas irrevers\u00edveis. Tchiz\u00e9 dos Santos disse que\u00a0n\u00e3o vai permitir que desliguem as m\u00e1quinas enquanto o pai estiver [&hellip;]<\/p>\n","protected":false},"author":1,"featured_media":11801,"comment_status":"open","ping_status":"open","sticky":false,"template":"","format":"standard","meta":{"footnotes":""},"categories":[12],"tags":[],"class_list":{"0":"post-13341","1":"post","2":"type-post","3":"status-publish","4":"format-standard","5":"has-post-thumbnail","7":"category-politica-angola"},"amp_enabled":true,"_links":{"self":[{"href":"https:\/\/tvbelas.com\/tvbelas\/wp-json\/wp\/v2\/posts\/13341","targetHints":{"allow":["GET"]}}],"collection":[{"href":"https:\/\/tvbelas.com\/tvbelas\/wp-json\/wp\/v2\/posts"}],"about":[{"href":"https:\/\/tvbelas.com\/tvbelas\/wp-json\/wp\/v2\/types\/post"}],"author":[{"embeddable":true,"href":"https:\/\/tvbelas.com\/tvbelas\/wp-json\/wp\/v2\/users\/1"}],"replies":[{"embeddable":true,"href":"https:\/\/tvbelas.com\/tvbelas\/wp-json\/wp\/v2\/comments?post=13341"}],"version-history":[{"count":0,"href":"https:\/\/tvbelas.com\/tvbelas\/wp-json\/wp\/v2\/posts\/13341\/revisions"}],"wp:featuredmedia":[{"embeddable":true,"href":"https:\/\/tvbelas.com\/tvbelas\/wp-json\/"}],"wp:attachment":[{"href":"https:\/\/tvbelas.com\/tvbelas\/wp-json\/wp\/v2\/media?parent=13341"}],"wp:term":[{"taxonomy":"category","embeddable":true,"href":"https:\/\/tvbelas.com\/tvbelas\/wp-json\/wp\/v2\/categories?post=13341"},{"taxonomy":"post_tag","embeddable":true,"href":"https:\/\/tvbelas.com\/tvbelas\/wp-json\/wp\/v2\/tags?post=13341"}],"curies":[{"name":"wp","href":"https:\/\/api.w.org\/{rel}","templated":true}]}}