{"id":13343,"date":"2022-07-08T12:49:22","date_gmt":"2022-07-08T11:49:22","guid":{"rendered":"http:\/\/tvbelas.com\/tvbelas\/?p=11907"},"modified":"2022-07-08T12:49:22","modified_gmt":"2022-07-08T11:49:22","slug":"morreu-jose-eduardo-dos-santos-antigo-presidente-da-republica-e-do-mpla","status":"publish","type":"post","link":"https:\/\/tvbelas.com\/tvbelas\/noticias\/politica-angola\/morreu-jose-eduardo-dos-santos-antigo-presidente-da-republica-e-do-mpla\/","title":{"rendered":"MORREU JOS\u00c9 EDUARDO DOS SANTOS, ANTIGO PRESIDENTE DA REP\u00daBLICA E DO MPLA"},"content":{"rendered":"<div class=\"kvgmc6g5 cxmmr5t8 oygrvhab hcukyx3x c1et5uql ii04i59q\">\n<div dir=\"auto\">COMUNICADO \u00c0 NA\u00c7\u00c3O<\/div>\n<div dir=\"auto\">O Executivo da Rep\u00fablica de Angola leva ao conhecimento da opini\u00e3o p\u00fablica nacional e internacional, com um sentimento de grande dor e consterna\u00e7\u00e3o, o falecimento de Sua Excel\u00eancia o ex-Presidente da Rep\u00fablica, Engenheiro Jos\u00e9 Eduardo dos Santos, ocorrido hoje \u00e0s 11h10 , hora de Espanha certificada pelo boletim m\u00e9dico da cl\u00ednica, em Barcelona, ap\u00f3s prolongada doen\u00e7a.<\/div>\n<\/div>\n<div class=\"cxmmr5t8 oygrvhab hcukyx3x c1et5uql o9v6fnle ii04i59q\">\n<div dir=\"auto\">O Executivo da Rep\u00fablica de Angola inclina-se, com o maior respeito e considera\u00e7\u00e3o, perante a figura de um Estadista de grande dimens\u00e3o hist\u00f3rica, que regeu durante muitos anos com clarivid\u00eancia e humanismo os destinos da Na\u00e7\u00e3o Angolana, em momentos muito dif\u00edceis.<\/div>\n<\/div>\n<div class=\"cxmmr5t8 oygrvhab hcukyx3x c1et5uql o9v6fnle ii04i59q\">\n<div dir=\"auto\">O Executivo da Rep\u00fablica de Angola apresenta \u00e0 fam\u00edlia enlutada os seus mais profundos sentimentos de pesar e apela \u00e0 serenidade de todos neste momento de dor e consterna\u00e7\u00e3o.<\/div>\n<\/div>\n<div class=\"cxmmr5t8 oygrvhab hcukyx3x c1et5uql o9v6fnle ii04i59q\">\n<div dir=\"auto\">Luanda, 8 de Julho de 2022<\/div>\n<\/div>\n","protected":false},"excerpt":{"rendered":"<p>COMUNICADO \u00c0 NA\u00c7\u00c3O O Executivo da Rep\u00fablica de Angola leva ao conhecimento da opini\u00e3o p\u00fablica nacional e internacional, com um sentimento de grande dor e consterna\u00e7\u00e3o, o falecimento de Sua Excel\u00eancia o ex-Presidente da Rep\u00fablica, Engenheiro Jos\u00e9 Eduardo dos Santos, ocorrido hoje \u00e0s 11h10 , hora de Espanha certificada pelo boletim m\u00e9dico da cl\u00ednica, em [&hellip;]<\/p>\n","protected":false},"author":1,"featured_media":11909,"comment_status":"open","ping_status":"open","sticky":false,"template":"","format":"standard","meta":{"footnotes":""},"categories":[12],"tags":[],"class_list":{"0":"post-13343","1":"post","2":"type-post","3":"status-publish","4":"format-standard","5":"has-post-thumbnail","7":"category-politica-angola"},"amp_enabled":true,"_links":{"self":[{"href":"https:\/\/tvbelas.com\/tvbelas\/wp-json\/wp\/v2\/posts\/13343","targetHints":{"allow":["GET"]}}],"collection":[{"href":"https:\/\/tvbelas.com\/tvbelas\/wp-json\/wp\/v2\/posts"}],"about":[{"href":"https:\/\/tvbelas.com\/tvbelas\/wp-json\/wp\/v2\/types\/post"}],"author":[{"embeddable":true,"href":"https:\/\/tvbelas.com\/tvbelas\/wp-json\/wp\/v2\/users\/1"}],"replies":[{"embeddable":true,"href":"https:\/\/tvbelas.com\/tvbelas\/wp-json\/wp\/v2\/comments?post=13343"}],"version-history":[{"count":0,"href":"https:\/\/tvbelas.com\/tvbelas\/wp-json\/wp\/v2\/posts\/13343\/revisions"}],"wp:featuredmedia":[{"embeddable":true,"href":"https:\/\/tvbelas.com\/tvbelas\/wp-json\/"}],"wp:attachment":[{"href":"https:\/\/tvbelas.com\/tvbelas\/wp-json\/wp\/v2\/media?parent=13343"}],"wp:term":[{"taxonomy":"category","embeddable":true,"href":"https:\/\/tvbelas.com\/tvbelas\/wp-json\/wp\/v2\/categories?post=13343"},{"taxonomy":"post_tag","embeddable":true,"href":"https:\/\/tvbelas.com\/tvbelas\/wp-json\/wp\/v2\/tags?post=13343"}],"curies":[{"name":"wp","href":"https:\/\/api.w.org\/{rel}","templated":true}]}}