{"id":13651,"date":"2023-01-04T13:03:18","date_gmt":"2023-01-04T12:03:18","guid":{"rendered":"http:\/\/tvbelas.com\/tvbelas\/?p=13651"},"modified":"2023-01-04T13:03:18","modified_gmt":"2023-01-04T12:03:18","slug":"itamaraty-diz-nao-ao-presidente-de-angola","status":"publish","type":"post","link":"https:\/\/tvbelas.com\/tvbelas\/noticias\/politica-angola\/itamaraty-diz-nao-ao-presidente-de-angola\/","title":{"rendered":"ITAMARATY DIZ N\u00c3O AO PRESIDENTE DE ANGOLA"},"content":{"rendered":"\n<p>Segundo a CNN Brasil a Comitiva do presidente angolano estava embarcando nos ve\u00edculos para o encontro quando soube do cancelamento<\/p>\n\n\n\n<p>O presidenteJo\u00e3o Louren\u00e7o regressou ao pais sem encontrar-se com o presidente&nbsp;<a href=\"https:\/\/www.cnnbrasil.com.br\/tudo-sobre\/luiz-inacio-lula-da-silva-lula\/\">Luiz In\u00e1cio Lula da Silva<\/a>&nbsp;(PT). A reuni\u00e3o estava marcada para \u00e0s 15h de segunda-feira (2) no Pal\u00e1cio do&nbsp;<a href=\"https:\/\/www.cnnbrasil.com.br\/tudo-sobre\/itamaraty\/\">Itamaraty<\/a>, mas foi cancelada momentos antes de acontecer. O incidente teria deixado o pol\u00edtico extremamente irritado, segundo relatos feitos \u00e0&nbsp;<strong>CNN<\/strong>.<\/p>\n\n\n\n<p>De acordo com pessoas que acompanharam a comitiva angolana, Louren\u00e7o chegou ao Brasil na \u00faltima sexta-feira (30) e acompanhou a posse do presidente Lula com outros 17 chefes de estado.<\/p>\n\n\n\n<p>Na tarde de segunda, quando alguns componentes da comitiva do presidente angolano j\u00e1 haviam deixado o hotel Royal Tulip e come\u00e7avam a embarcar nos ve\u00edculos para a reuni\u00e3o que aconteceria no Pal\u00e1cio do Itamaraty, que fica a cerca de 5 quil\u00f4metros de dist\u00e2ncia, foram informados sobre o cancelamento.<\/p>\n\n\n\n<p>Neste momento, Louren\u00e7o teria se irritado e programado o retorno para Angola sem remarcar uma nova data para a reuni\u00e3o. Segundo fontes, depois de Bras\u00edlia, havia uma programa\u00e7\u00e3o anterior em que Louren\u00e7o se dirigiria para o litoral baiano, na cidade de Trancoso, para encontrar o restante da fam\u00edlia que passa f\u00e9rias no local.<\/p>\n\n\n\n<p>Entretanto, ap\u00f3s se irritar, mudou de ideia e acabou indo direto para a capital angolana, Luanda.<\/p>\n","protected":false},"excerpt":{"rendered":"<p>Segundo a CNN Brasil a Comitiva do presidente angolano estava embarcando nos ve\u00edculos para o encontro quando soube do cancelamento O presidenteJo\u00e3o Louren\u00e7o regressou ao pais sem encontrar-se com o presidente&nbsp;Luiz In\u00e1cio Lula da Silva&nbsp;(PT). A reuni\u00e3o estava marcada para \u00e0s 15h de segunda-feira (2) no Pal\u00e1cio do&nbsp;Itamaraty, mas foi cancelada momentos antes de acontecer. [&hellip;]<\/p>\n","protected":false},"author":1,"featured_media":13652,"comment_status":"open","ping_status":"open","sticky":false,"template":"","format":"standard","meta":{"footnotes":""},"categories":[12],"tags":[],"class_list":{"0":"post-13651","1":"post","2":"type-post","3":"status-publish","4":"format-standard","5":"has-post-thumbnail","7":"category-politica-angola"},"amp_enabled":true,"_links":{"self":[{"href":"https:\/\/tvbelas.com\/tvbelas\/wp-json\/wp\/v2\/posts\/13651","targetHints":{"allow":["GET"]}}],"collection":[{"href":"https:\/\/tvbelas.com\/tvbelas\/wp-json\/wp\/v2\/posts"}],"about":[{"href":"https:\/\/tvbelas.com\/tvbelas\/wp-json\/wp\/v2\/types\/post"}],"author":[{"embeddable":true,"href":"https:\/\/tvbelas.com\/tvbelas\/wp-json\/wp\/v2\/users\/1"}],"replies":[{"embeddable":true,"href":"https:\/\/tvbelas.com\/tvbelas\/wp-json\/wp\/v2\/comments?post=13651"}],"version-history":[{"count":1,"href":"https:\/\/tvbelas.com\/tvbelas\/wp-json\/wp\/v2\/posts\/13651\/revisions"}],"predecessor-version":[{"id":13653,"href":"https:\/\/tvbelas.com\/tvbelas\/wp-json\/wp\/v2\/posts\/13651\/revisions\/13653"}],"wp:featuredmedia":[{"embeddable":true,"href":"https:\/\/tvbelas.com\/tvbelas\/wp-json\/wp\/v2\/media\/13652"}],"wp:attachment":[{"href":"https:\/\/tvbelas.com\/tvbelas\/wp-json\/wp\/v2\/media?parent=13651"}],"wp:term":[{"taxonomy":"category","embeddable":true,"href":"https:\/\/tvbelas.com\/tvbelas\/wp-json\/wp\/v2\/categories?post=13651"},{"taxonomy":"post_tag","embeddable":true,"href":"https:\/\/tvbelas.com\/tvbelas\/wp-json\/wp\/v2\/tags?post=13651"}],"curies":[{"name":"wp","href":"https:\/\/api.w.org\/{rel}","templated":true}]}}