{"id":13655,"date":"2023-01-04T17:41:08","date_gmt":"2023-01-04T16:41:08","guid":{"rendered":"http:\/\/tvbelas.com\/tvbelas\/?p=13655"},"modified":"2023-01-04T17:41:08","modified_gmt":"2023-01-04T16:41:08","slug":"depois-de-receber-o-nao-joao-lourenco-conversa-ao-telefone-com-novo-presidente-do-brasil","status":"publish","type":"post","link":"https:\/\/tvbelas.com\/tvbelas\/noticias\/politica-angola\/depois-de-receber-o-nao-joao-lourenco-conversa-ao-telefone-com-novo-presidente-do-brasil\/","title":{"rendered":"DEPOIS DE RECEBER O N\u00c3O \u201cJO\u00c3O LOUREN\u00c7O CONVERSA AO TELEFONE COM NOVO PRESIDENTE DO BRASIL\u201d"},"content":{"rendered":"\n<p>Depois de ver a sua reuni\u00e3o anulada como noticiou a CNN Brasil, e que ter\u00e1 irritado o presidente de Angola. Na sequ\u00eancia do encontro de Bras\u00edlia, os Chefes de Estado de Angola e do Brasil, respectivamente Jo\u00e3o Louren\u00e7o e Lula da Silva, mantiveram um contacto telef\u00f3nico esta tarde para implementa\u00e7\u00e3o do que foi acordado, incluindo a realiza\u00e7\u00e3o da Comiss\u00e3o Mista Angola-Brasil.<\/p>\n\n\n\n<p>Os Presidentes Jo\u00e3o Louren\u00e7o e Lula da Silva<\/p>\n\n\n\n<p>reiteraram o compromisso de desenvolver ainda mais as rela\u00e7\u00f5es econ\u00f3micas entre os dois pa\u00edses.<\/p>\n\n\n\n<p>Os dois Chefes de Estado abordaram igualmente quest\u00f5es regionais, no \u00e2mbito das quais o Presidente Lula reafirmou o compromisso de o Brasil contribuir para o desenvolvimento econ\u00f3mico do continente africano.<\/p>\n","protected":false},"excerpt":{"rendered":"<p>Depois de ver a sua reuni\u00e3o anulada como noticiou a CNN Brasil, e que ter\u00e1 irritado o presidente de Angola. Na sequ\u00eancia do encontro de Bras\u00edlia, os Chefes de Estado de Angola e do Brasil, respectivamente Jo\u00e3o Louren\u00e7o e Lula da Silva, mantiveram um contacto telef\u00f3nico esta tarde para implementa\u00e7\u00e3o do que foi acordado, incluindo [&hellip;]<\/p>\n","protected":false},"author":1,"featured_media":13656,"comment_status":"open","ping_status":"open","sticky":false,"template":"","format":"standard","meta":{"footnotes":""},"categories":[12],"tags":[],"class_list":{"0":"post-13655","1":"post","2":"type-post","3":"status-publish","4":"format-standard","5":"has-post-thumbnail","7":"category-politica-angola"},"amp_enabled":true,"_links":{"self":[{"href":"https:\/\/tvbelas.com\/tvbelas\/wp-json\/wp\/v2\/posts\/13655","targetHints":{"allow":["GET"]}}],"collection":[{"href":"https:\/\/tvbelas.com\/tvbelas\/wp-json\/wp\/v2\/posts"}],"about":[{"href":"https:\/\/tvbelas.com\/tvbelas\/wp-json\/wp\/v2\/types\/post"}],"author":[{"embeddable":true,"href":"https:\/\/tvbelas.com\/tvbelas\/wp-json\/wp\/v2\/users\/1"}],"replies":[{"embeddable":true,"href":"https:\/\/tvbelas.com\/tvbelas\/wp-json\/wp\/v2\/comments?post=13655"}],"version-history":[{"count":1,"href":"https:\/\/tvbelas.com\/tvbelas\/wp-json\/wp\/v2\/posts\/13655\/revisions"}],"predecessor-version":[{"id":13657,"href":"https:\/\/tvbelas.com\/tvbelas\/wp-json\/wp\/v2\/posts\/13655\/revisions\/13657"}],"wp:featuredmedia":[{"embeddable":true,"href":"https:\/\/tvbelas.com\/tvbelas\/wp-json\/wp\/v2\/media\/13656"}],"wp:attachment":[{"href":"https:\/\/tvbelas.com\/tvbelas\/wp-json\/wp\/v2\/media?parent=13655"}],"wp:term":[{"taxonomy":"category","embeddable":true,"href":"https:\/\/tvbelas.com\/tvbelas\/wp-json\/wp\/v2\/categories?post=13655"},{"taxonomy":"post_tag","embeddable":true,"href":"https:\/\/tvbelas.com\/tvbelas\/wp-json\/wp\/v2\/tags?post=13655"}],"curies":[{"name":"wp","href":"https:\/\/api.w.org\/{rel}","templated":true}]}}